{"id":194216,"date":"2026-01-02T11:03:21","date_gmt":"2026-01-02T17:03:21","guid":{"rendered":"https:\/\/www.buroperiodistico.com.mx\/?p=194216"},"modified":"2026-01-02T11:03:21","modified_gmt":"2026-01-02T17:03:21","slug":"protegida-ocupacion-mexicana","status":"publish","type":"post","link":"https:\/\/www.buroperiodistico.com.mx\/?p=194216","title":{"rendered":"PROTEGIDA OCUPACI\u00d3N MEXICANA"},"content":{"rendered":"<p><em><strong>(2-Enero-2026)<\/strong><\/em><\/p>\n<p><em><strong>Investigaci\u00f3n Especial<\/strong><\/em><br \/>\n<em><strong>Por Alberto Gonz\u00e1lez K\u00e1ram<\/strong><\/em><\/p>\n<p>\u2022 Protegida 59 millones 841 mil 714 ocupados que representan 97.3 por ciento de la Poblaci\u00f3n Econ\u00f3micamente Activa (PEA) al cierre del mes de noviembre de 2025<br \/>\n\u2022 M\u00e9xico ocupa Primer Lugar Mundial en Tasa de Empleo al superar en G-20 a Pa\u00edses Bajos, Suiza, Alemania, Reino Unido, Francia, Arabia Saudita, Australia, Corea del Sur, Italia, Jap\u00f3n, Rusia, Canad\u00e1, Estados Unidos, Brasil, India, Espa\u00f1a, Turqu\u00eda, Argentina y Sud\u00e1frica<\/p>\n<p>La continuidad de los conflictos b\u00e9licos y disputas territoriales en m\u00e1s de 150 pa\u00edses en el mundo, siendo la cifra m\u00e1s alta despu\u00e9s de la Segunda Guerra Mundial que provocaron una grave afectaci\u00f3n mercado laboral mundial, mientras que en M\u00e9xico se incorporaron 59 millones 841 mil 714 ocupados que representan 97.3 por ciento de la Poblaci\u00f3n Econ\u00f3micamente Activa (PEA) integrada por 61 millones 479 mil 288 personas, permitiendo ubicar a nuestro pa\u00eds en el Primer Lugar Mundial en Tasa de Empleo al superar en el Grupo de los Veinte (G-20) a Pa\u00edses Bajos, Suiza, Alemania, Reino Unido, Francia, Arabia Saudita, Australia, Corea del Sur, Italia, Jap\u00f3n, Rusia, Canad\u00e1, Estados Unidos, Brasil, India, Espa\u00f1a, Turqu\u00eda, Argentina y Sud\u00e1frica, lo cual contribuyen con la reducci\u00f3n de la pobreza laboral y desigualdad socioecon\u00f3mica en 2025.<\/p>\n<p>En los diversos sectores de las actividades econ\u00f3micas se distribuy\u00f3 la poblaci\u00f3n ocupada, concentr\u00e1ndose 64.1 por ciento en los servicios o terciario con 38 millones 374 mil 084 ocupados en comercio, restaurantes y servicios de alojamiento, transportes, comunicaciones, correo y almacenamiento, servicios profesionales, financieros y corporativos, servicios sociales, servicios diversos y otros; en las actividades primarias participan 10.4 por ciento con 6 millones 240 mil 748 ocupados en las actividades de agricultura, ganader\u00eda, silvicultura, caza y pesca; en el sector secundario se contribuye con 24.8 por ciento al contar 14 millones 819 mil 838 ocupados en las actividades econ\u00f3micas de la industria extractiva de la miner\u00eda, electricidad, agua y suministro de gas e industria de la construcci\u00f3n; y el 0.7 por ciento restante con 407 mil 044 ocupados en actividades econ\u00f3micas no especificadas.<\/p>\n<p>La reincorporaci\u00f3n de poblaci\u00f3n ocupada en funci\u00f3n de la posici\u00f3n que guarda dentro de su trabajo son de 41 millones 332 mil 136 trabajadores subordinados y remunerados con 69.1 por ciento; 13 millones 011 mil 001 ocupados por su cuenta propia que representan 21.7 por ciento sin emplear personal pagado; 3 millones 511 mil 607 ocupados que son propietarios de los bienes de producci\u00f3n con trabajadores a su cargo que representa 5.9 por ciento; y 3.3 por ciento con 1 mill\u00f3n 986 mil 970 trabajadores sin recibir remuneraci\u00f3n.<\/p>\n<p>M\u00e9xico registra el Primer Lugar en la Tasa de Desocupaci\u00f3n del 2.7 por ciento que es de las m\u00e1s baja a nivel mundial, superando en orden de importancia a Corea del Sur, Suiza, Arabia Saudita, Pa\u00edses Bajos, Australia, Estados Unidos, India, Indonesia, China, Reino Unido, Brasil, Italia, Alemania, Zona Euro, Canad\u00e1, Argentina, Francia, Turqu\u00eda, Espa\u00f1a y Sud\u00e1frica.<\/p>\n<p>M\u00e9xico alcanz\u00f3 la m\u00e1xima Tasa de Empleos de 97.3 por ciento al cierre de noviembre del 2025, superando a los registrados de 96.1 con Vicente Fox Quezada en 2004; 94.8 por ciento con Felipe de Jes\u00fas Calder\u00f3n Hinojosa en 2010; y 94.7 por ciento con Enrique Pe\u00f1a Nieto en 2014.<\/p>\n<p>La menor Tasa de Desempleo de 2.7 por ciento es la m\u00e1s baja desde el siglo pasado hasta el presente milenio se registr\u00f3 al cierre del mes de noviembre del 2025, con respecto al 3.9 por ciento durante la administraci\u00f3n de Vicente Fox Quezada; 5.2 por ciento con Felipe de Jes\u00fas Calder\u00f3n Hinojosa en 2010; y 5.3 por ciento con Enrique Pe\u00f1a Nieto en 2014.<\/p>\n<p>La aplicaci\u00f3n del Efecto Multiplicador del Comercio Exterior en el Ingreso P\u00fablico Federal o Teorema Heckscher-Ohl\u00edn-Samuelson-K\u00e1ram (H-O-S-K) tiene como prospectiva continuar ampliando el comercio exterior y el ingreso federal acumulado de 47 billones 582 mil 900.00 millones de pesos al cierre del 31 de diciembre del 2025, misma que ser\u00e1 la mayor recaudaci\u00f3n en la historia de las finanzas p\u00fablicas en nuestro pa\u00eds, a fin de aprovechar las m\u00faltiples ventajas comparativas, competitivas, estrat\u00e9gicas, geogr\u00e1ficas, reapertura de cadenas de suministro, relocalizaci\u00f3n industrial y reactivaci\u00f3n econ\u00f3mica-social que contribuye con el Tratado Comercial M\u00e9xico-Estados Unidos-Canad\u00e1 (T-MEC) al incrementar el volumen y valor de las exportaciones, as\u00ed como: Aumentar la Poblaci\u00f3n Ocupada, Reducir la Tasa de Desocupaci\u00f3n, Abatir la Tasa de Presi\u00f3n General, Aumentar la Tasa de Trabajo Asalariado, Disminuir la Tasa de Subocupaci\u00f3n, Reducir la Tasa de Condiciones Cr\u00edticas de Ocupaci\u00f3n, Disminuir la Tasa de Ocupaci\u00f3n en el Sector Informal, Abatir la Tasa de Ocupaci\u00f3n en el Sector Informal y Minimizar la Tasa de Informalidad Laboral, a fin de continuar aumentando el saldo superavitario de la balanza comercial no petrolera para superar a Francia, Italia Jap\u00f3n y Corea del Sur al cierre del 2025.<\/p>\n","protected":false},"excerpt":{"rendered":"<p>(2-Enero-2026) Investigaci\u00f3n Especial Por Alberto Gonz\u00e1lez K\u00e1ram \u2022 Protegida 59 millones 841 mil 714 ocupados&#8230;<\/p>\n","protected":false},"author":1,"featured_media":149244,"comment_status":"closed","ping_status":"closed","sticky":false,"template":"","format":"standard","meta":{"footnotes":"","jetpack_publicize_message":"","jetpack_publicize_feature_enabled":true,"jetpack_social_post_already_shared":true,"jetpack_social_options":{"image_generator_settings":{"template":"highway","default_image_id":0,"font":"","enabled":false},"version":2}},"categories":[23],"tags":[],"class_list":["post-194216","post","type-post","status-publish","format-standard","has-post-thumbnail","hentry","category-columnas"],"jetpack_publicize_connections":[],"_links":{"self":[{"href":"https:\/\/www.buroperiodistico.com.mx\/index.php?rest_route=\/wp\/v2\/posts\/194216","targetHints":{"allow":["GET"]}}],"collection":[{"href":"https:\/\/www.buroperiodistico.com.mx\/index.php?rest_route=\/wp\/v2\/posts"}],"about":[{"href":"https:\/\/www.buroperiodistico.com.mx\/index.php?rest_route=\/wp\/v2\/types\/post"}],"author":[{"embeddable":true,"href":"https:\/\/www.buroperiodistico.com.mx\/index.php?rest_route=\/wp\/v2\/users\/1"}],"replies":[{"embeddable":true,"href":"https:\/\/www.buroperiodistico.com.mx\/index.php?rest_route=%2Fwp%2Fv2%2Fcomments&post=194216"}],"version-history":[{"count":2,"href":"https:\/\/www.buroperiodistico.com.mx\/index.php?rest_route=\/wp\/v2\/posts\/194216\/revisions"}],"predecessor-version":[{"id":194218,"href":"https:\/\/www.buroperiodistico.com.mx\/index.php?rest_route=\/wp\/v2\/posts\/194216\/revisions\/194218"}],"wp:featuredmedia":[{"embeddable":true,"href":"https:\/\/www.buroperiodistico.com.mx\/index.php?rest_route=\/wp\/v2\/media\/149244"}],"wp:attachment":[{"href":"https:\/\/www.buroperiodistico.com.mx\/index.php?rest_route=%2Fwp%2Fv2%2Fmedia&parent=194216"}],"wp:term":[{"taxonomy":"category","embeddable":true,"href":"https:\/\/www.buroperiodistico.com.mx\/index.php?rest_route=%2Fwp%2Fv2%2Fcategories&post=194216"},{"taxonomy":"post_tag","embeddable":true,"href":"https:\/\/www.buroperiodistico.com.mx\/index.php?rest_route=%2Fwp%2Fv2%2Ftags&post=194216"}],"curies":[{"name":"wp","href":"https:\/\/api.w.org\/{rel}","templated":true}]}}