{"id":194204,"date":"2025-12-31T14:49:03","date_gmt":"2025-12-31T20:49:03","guid":{"rendered":"https:\/\/www.buroperiodistico.com.mx\/?p=194204"},"modified":"2025-12-31T14:49:03","modified_gmt":"2025-12-31T20:49:03","slug":"impulsa-stps-la-colocacion-laboral-nacional-en-beneficio-de-miles-de-tamaulipecos","status":"publish","type":"post","link":"https:\/\/www.buroperiodistico.com.mx\/?p=194204","title":{"rendered":"Impulsa STPS la colocaci\u00f3n laboral nacional en beneficio de miles de tamaulipecos"},"content":{"rendered":"<p><em><strong><img loading=\"lazy\" decoding=\"async\" class=\" wp-image-194208 alignright\" src=\"https:\/\/www.buroperiodistico.com.mx\/wp-content\/uploads\/2025\/12\/STRtamaulipecos-1.jpeg\" alt=\"\" width=\"446\" height=\"278\" srcset=\"https:\/\/www.buroperiodistico.com.mx\/wp-content\/uploads\/2025\/12\/STRtamaulipecos-1.jpeg 1024w, https:\/\/www.buroperiodistico.com.mx\/wp-content\/uploads\/2025\/12\/STRtamaulipecos-1-300x187.jpeg 300w, https:\/\/www.buroperiodistico.com.mx\/wp-content\/uploads\/2025\/12\/STRtamaulipecos-1-768x479.jpeg 768w\" sizes=\"auto, (max-width: 446px) 100vw, 446px\" \/>Ciudad Victoria, Tamaulipas (31-Diciembre-2025).-<\/strong><\/em> La Secretar\u00eda del Trabajo y Previsi\u00f3n Social de Tamaulipas, encabezada por Luis Gerardo Illoldi Reyes, mantiene un trabajo permanente para fortalecer la colocaci\u00f3n laboral dentro del estado, facilitando el acceso de las y los tamaulipecos a empleos formales, dignos y bien remunerados.<\/p>\n<p>En lo que va del a\u00f1o, la dependencia estatal ha atendido a cerca de 47 mil tamaulipecas y tamaulipecos, logrando una efectividad del 25 por ciento en la colocaci\u00f3n laboral, lo que representa que uno de cada cuatro solicitantes consigui\u00f3 empleo a trav\u00e9s de los programas y servicios que ofrece la Secretar\u00eda del Trabajo en coordinaci\u00f3n con el Servicio Nacional del Empleo.<\/p>\n<p>Illoldi Reyes destac\u00f3 que estos resultados son reflejo de una estrategia enfocada en fortalecer la vinculaci\u00f3n entre buscadores de empleo y el sector productivo, priorizando oportunidades laborales formales que garanticen estabilidad, seguridad social y mejores condiciones de vida para las familias.<\/p>\n<p>Asimismo, subray\u00f3 que, el trabajo coordinado con la Federaci\u00f3n, a trav\u00e9s del Servicio Nacional del Empleo, ha sido fundamental para ampliar la cobertura de atenci\u00f3n y mejorar los indicadores de colocaci\u00f3n, consolidando una red de apoyo que responde a las necesidades reales del mercado laboral.<\/p>\n<p>La Secretar\u00eda del Trabajo y Previsi\u00f3n Social refrend\u00f3 su compromiso de seguir fortaleciendo las acciones de intermediaci\u00f3n laboral, capacitaci\u00f3n y vinculaci\u00f3n, alineadas con los principios del Gobierno Humanista y de la Transformaci\u00f3n que encabeza el gobernador Am\u00e9rico Villarreal Anaya, con el objetivo de generar bienestar, empleo y desarrollo para Tamaulipas.<\/p>\n<p><img loading=\"lazy\" decoding=\"async\" class=\"aligncenter size-full wp-image-194205\" src=\"https:\/\/www.buroperiodistico.com.mx\/wp-content\/uploads\/2025\/12\/STRtamaulipecos-I.jpeg\" alt=\"\" width=\"640\" height=\"427\" srcset=\"https:\/\/www.buroperiodistico.com.mx\/wp-content\/uploads\/2025\/12\/STRtamaulipecos-I.jpeg 640w, https:\/\/www.buroperiodistico.com.mx\/wp-content\/uploads\/2025\/12\/STRtamaulipecos-I-300x200.jpeg 300w\" sizes=\"auto, (max-width: 640px) 100vw, 640px\" \/> <img loading=\"lazy\" decoding=\"async\" class=\"aligncenter size-full wp-image-194207\" src=\"https:\/\/www.buroperiodistico.com.mx\/wp-content\/uploads\/2025\/12\/STRtamaulipecos-III.jpeg\" alt=\"\" width=\"611\" height=\"480\" srcset=\"https:\/\/www.buroperiodistico.com.mx\/wp-content\/uploads\/2025\/12\/STRtamaulipecos-III.jpeg 611w, https:\/\/www.buroperiodistico.com.mx\/wp-content\/uploads\/2025\/12\/STRtamaulipecos-III-300x236.jpeg 300w\" sizes=\"auto, (max-width: 611px) 100vw, 611px\" \/> <img loading=\"lazy\" decoding=\"async\" class=\"aligncenter size-full wp-image-194206\" src=\"https:\/\/www.buroperiodistico.com.mx\/wp-content\/uploads\/2025\/12\/STRtamaulipecos-II.jpeg\" alt=\"\" width=\"640\" height=\"427\" srcset=\"https:\/\/www.buroperiodistico.com.mx\/wp-content\/uploads\/2025\/12\/STRtamaulipecos-II.jpeg 640w, https:\/\/www.buroperiodistico.com.mx\/wp-content\/uploads\/2025\/12\/STRtamaulipecos-II-300x200.jpeg 300w\" sizes=\"auto, (max-width: 640px) 100vw, 640px\" \/><\/p>\n","protected":false},"excerpt":{"rendered":"<p>Ciudad Victoria, Tamaulipas (31-Diciembre-2025).- La Secretar\u00eda del Trabajo y Previsi\u00f3n Social de Tamaulipas, encabezada por&#8230;<\/p>\n","protected":false},"author":1,"featured_media":194208,"comment_status":"closed","ping_status":"closed","sticky":false,"template":"","format":"standard","meta":{"footnotes":"","jetpack_publicize_message":"","jetpack_publicize_feature_enabled":true,"jetpack_social_post_already_shared":true,"jetpack_social_options":{"image_generator_settings":{"template":"highway","default_image_id":0,"font":"","enabled":false},"version":2}},"categories":[10],"tags":[],"class_list":["post-194204","post","type-post","status-publish","format-standard","has-post-thumbnail","hentry","category-tamaulipas"],"jetpack_publicize_connections":[],"_links":{"self":[{"href":"https:\/\/www.buroperiodistico.com.mx\/index.php?rest_route=\/wp\/v2\/posts\/194204","targetHints":{"allow":["GET"]}}],"collection":[{"href":"https:\/\/www.buroperiodistico.com.mx\/index.php?rest_route=\/wp\/v2\/posts"}],"about":[{"href":"https:\/\/www.buroperiodistico.com.mx\/index.php?rest_route=\/wp\/v2\/types\/post"}],"author":[{"embeddable":true,"href":"https:\/\/www.buroperiodistico.com.mx\/index.php?rest_route=\/wp\/v2\/users\/1"}],"replies":[{"embeddable":true,"href":"https:\/\/www.buroperiodistico.com.mx\/index.php?rest_route=%2Fwp%2Fv2%2Fcomments&post=194204"}],"version-history":[{"count":1,"href":"https:\/\/www.buroperiodistico.com.mx\/index.php?rest_route=\/wp\/v2\/posts\/194204\/revisions"}],"predecessor-version":[{"id":194209,"href":"https:\/\/www.buroperiodistico.com.mx\/index.php?rest_route=\/wp\/v2\/posts\/194204\/revisions\/194209"}],"wp:featuredmedia":[{"embeddable":true,"href":"https:\/\/www.buroperiodistico.com.mx\/index.php?rest_route=\/wp\/v2\/media\/194208"}],"wp:attachment":[{"href":"https:\/\/www.buroperiodistico.com.mx\/index.php?rest_route=%2Fwp%2Fv2%2Fmedia&parent=194204"}],"wp:term":[{"taxonomy":"category","embeddable":true,"href":"https:\/\/www.buroperiodistico.com.mx\/index.php?rest_route=%2Fwp%2Fv2%2Fcategories&post=194204"},{"taxonomy":"post_tag","embeddable":true,"href":"https:\/\/www.buroperiodistico.com.mx\/index.php?rest_route=%2Fwp%2Fv2%2Ftags&post=194204"}],"curies":[{"name":"wp","href":"https:\/\/api.w.org\/{rel}","templated":true}]}}