{"id":194195,"date":"2025-12-31T14:31:10","date_gmt":"2025-12-31T20:31:10","guid":{"rendered":"https:\/\/www.buroperiodistico.com.mx\/?p=194195"},"modified":"2025-12-31T14:31:10","modified_gmt":"2025-12-31T20:31:10","slug":"la-nube-%e2%9a%96%ef%b8%8f-del-deposito-al-delito-el-alcalde-que-se-balconeo-solo","status":"publish","type":"post","link":"https:\/\/www.buroperiodistico.com.mx\/?p=194195","title":{"rendered":"La Nube\/ \u2696\ufe0f Del dep\u00f3sito al delito: el Alcalde que se balcone\u00f3 solo"},"content":{"rendered":"<p><em><strong><img loading=\"lazy\" decoding=\"async\" class=\" wp-image-194196 alignright\" src=\"https:\/\/www.buroperiodistico.com.mx\/wp-content\/uploads\/2025\/12\/Malax.jpeg\" alt=\"\" width=\"470\" height=\"376\" srcset=\"https:\/\/www.buroperiodistico.com.mx\/wp-content\/uploads\/2025\/12\/Malax.jpeg 959w, https:\/\/www.buroperiodistico.com.mx\/wp-content\/uploads\/2025\/12\/Malax-300x240.jpeg 300w, https:\/\/www.buroperiodistico.com.mx\/wp-content\/uploads\/2025\/12\/Malax-768x615.jpeg 768w\" sizes=\"auto, (max-width: 470px) 100vw, 470px\" \/>Por: Mart\u00edn D\u00edaz<\/strong><\/em><br \/>\nEl Alcalde de R\u00edo Bravo acaba de cometer un error de principiante: confundi\u00f3 el erario con su cartera y la transparencia con el exhibicionismo. Al publicar en redes sociales una ficha de dep\u00f3sito por 80 mil pesos para callar el reclamo de una artista, no demostr\u00f3 honestidad; confes\u00f3 un desorden financiero que deber\u00eda tener a la Auditor\u00eda Superior del Estado (ASE) tocando su puerta ma\u00f1ana mismo.<\/p>\n<p>Ese dep\u00f3sito, realizado bajo la presi\u00f3n de un reclamo \u201cen vivo\u201d, por el incumplimiento de un pago, es la punta de un iceberg de opacidad. Mientras sus ej\u00e9rcitos de bots se lanzan a degollar medi\u00e1ticamente a una artista por exigir su pago, el silencio sobre el resto de la feria es ensordecedor: \u00bfDe d\u00f3nde salieron los m\u00e1s de 40 millones de pesos que cost\u00f3 la cartelera estelar? Traer a figuras que cobran 5 millones de pesos por noche no es un acto de magia, es un acto administrativo que exige contratos, licitaciones y, sobre todo, un Patronato de Feria legalmente constituido. En R\u00edo Bravo, ese Patronato es un fantasma. Sin \u00e9l, el manejo del dinero p\u00fablico se convierte en una t\u00f3mbola de caprichos.<\/p>\n<p>La \u00abcarnita\u00bb legal es clara:<br \/>\n1\ufe0f\u20e3 Peculado: Usar dinero del pueblo para apagar fuegos de imagen personal.<br \/>\n2\ufe0f\u20e3 Abuso de Funciones: Exhibir datos bancarios y fiscales de un particular para generar un linchamiento digital es una violaci\u00f3n flagrante a la Ley de Protecci\u00f3n de Datos.<br \/>\n3\ufe0f\u20e3 Uso Il\u00edcito de Atribuciones: Contratar millones de pesos en artistas \u00aben lo oscurito\u00bb, sin el proceso de ley, no es un orgullo, es un presunto delito.<\/p>\n<p>R\u00edo Bravo es hoy un contraste doloroso: tiene una cartelera de Las Vegas en medio de calles que parecen zonas de guerra. Mientras el Alcalde se siente influencer pagando facturas por Facebook, las colonias siguen en penumbras y los baches se multiplican. Lo que se gast\u00f3 en dos noches de aplausos habr\u00eda pavimentado kil\u00f3metros de dignidad para las familias riobravenses.<\/p>\n<p>EL LLAMADO ES IMPOSTERGABLE: Los Diputados Locales, la Fiscal\u00eda Anticorrupci\u00f3n y la ASE no pueden seguir siendo espectadores de este \u00abvalemadrismo\u00bb financiero. Tienen la obligaci\u00f3n de intervenir antes de que la arrogancia de quien hoy manda sigan haciendo m\u00e1s grande el da\u00f1o a las finanzas municipales.<\/p>\n<p>Los escenarios ya se desmontaron y el \u201cTrakas\u201d dej\u00f3 de sonar. Pero la resaca de la opacidad apenas comienza. El dinero es p\u00fablico, la responsabilidad es penal y la paciencia del pueblo tiene l\u00edmite.<\/p>\n<p>Ah\u00ed est\u00e1n los hechos. Cada quien saque sus conclusiones. \u2696\ufe0f\ud83d\udc47<\/p>\n<p>#R\u00edoBravo #Tamaulipas #Corrupci\u00f3n #Transparencia #Rendici\u00f3nDeCuentas #NoticiasTamaulipas #ASE #CongresoTamaulipas #JusticiaParaR\u00edoBravo<\/p>\n","protected":false},"excerpt":{"rendered":"<p>Por: Mart\u00edn D\u00edaz El Alcalde de R\u00edo Bravo acaba de cometer un error de principiante:&#8230;<\/p>\n","protected":false},"author":1,"featured_media":194196,"comment_status":"closed","ping_status":"closed","sticky":false,"template":"","format":"standard","meta":{"footnotes":"","jetpack_publicize_message":"","jetpack_publicize_feature_enabled":true,"jetpack_social_post_already_shared":true,"jetpack_social_options":{"image_generator_settings":{"template":"highway","default_image_id":0,"font":"","enabled":false},"version":2}},"categories":[23],"tags":[],"class_list":["post-194195","post","type-post","status-publish","format-standard","has-post-thumbnail","hentry","category-columnas"],"jetpack_publicize_connections":[],"_links":{"self":[{"href":"https:\/\/www.buroperiodistico.com.mx\/index.php?rest_route=\/wp\/v2\/posts\/194195","targetHints":{"allow":["GET"]}}],"collection":[{"href":"https:\/\/www.buroperiodistico.com.mx\/index.php?rest_route=\/wp\/v2\/posts"}],"about":[{"href":"https:\/\/www.buroperiodistico.com.mx\/index.php?rest_route=\/wp\/v2\/types\/post"}],"author":[{"embeddable":true,"href":"https:\/\/www.buroperiodistico.com.mx\/index.php?rest_route=\/wp\/v2\/users\/1"}],"replies":[{"embeddable":true,"href":"https:\/\/www.buroperiodistico.com.mx\/index.php?rest_route=%2Fwp%2Fv2%2Fcomments&post=194195"}],"version-history":[{"count":1,"href":"https:\/\/www.buroperiodistico.com.mx\/index.php?rest_route=\/wp\/v2\/posts\/194195\/revisions"}],"predecessor-version":[{"id":194197,"href":"https:\/\/www.buroperiodistico.com.mx\/index.php?rest_route=\/wp\/v2\/posts\/194195\/revisions\/194197"}],"wp:featuredmedia":[{"embeddable":true,"href":"https:\/\/www.buroperiodistico.com.mx\/index.php?rest_route=\/wp\/v2\/media\/194196"}],"wp:attachment":[{"href":"https:\/\/www.buroperiodistico.com.mx\/index.php?rest_route=%2Fwp%2Fv2%2Fmedia&parent=194195"}],"wp:term":[{"taxonomy":"category","embeddable":true,"href":"https:\/\/www.buroperiodistico.com.mx\/index.php?rest_route=%2Fwp%2Fv2%2Fcategories&post=194195"},{"taxonomy":"post_tag","embeddable":true,"href":"https:\/\/www.buroperiodistico.com.mx\/index.php?rest_route=%2Fwp%2Fv2%2Ftags&post=194195"}],"curies":[{"name":"wp","href":"https:\/\/api.w.org\/{rel}","templated":true}]}}