{"id":194168,"date":"2025-12-31T13:01:21","date_gmt":"2025-12-31T19:01:21","guid":{"rendered":"https:\/\/www.buroperiodistico.com.mx\/?p=194168"},"modified":"2025-12-31T13:01:21","modified_gmt":"2025-12-31T19:01:21","slug":"atiende-dif-reynosa-a-familias-con-servicio-en-guarderia-numero-2","status":"publish","type":"post","link":"https:\/\/www.buroperiodistico.com.mx\/?p=194168","title":{"rendered":"Atiende DIF-Reynosa a familias con servicio en Guarder\u00eda N\u00famero 2"},"content":{"rendered":"<p><em><strong><img loading=\"lazy\" decoding=\"async\" class=\" wp-image-194169 alignright\" src=\"https:\/\/www.buroperiodistico.com.mx\/wp-content\/uploads\/2025\/12\/DIFx-10.jpeg\" alt=\"\" width=\"477\" height=\"300\" srcset=\"https:\/\/www.buroperiodistico.com.mx\/wp-content\/uploads\/2025\/12\/DIFx-10.jpeg 1024w, https:\/\/www.buroperiodistico.com.mx\/wp-content\/uploads\/2025\/12\/DIFx-10-300x189.jpeg 300w, https:\/\/www.buroperiodistico.com.mx\/wp-content\/uploads\/2025\/12\/DIFx-10-768x483.jpeg 768w\" sizes=\"auto, (max-width: 477px) 100vw, 477px\" \/>Reynosa, Tam (31-Diciembre-2025).-<\/strong><\/em> El Sistema DIF-Reynosa que preside Carlos Luis Pe\u00f1a Garza, ofrece atenci\u00f3n a madres y padres de familia en la Guarder\u00eda N\u00famero 2 donde se otorga cuidado en etapa de lactantes, maternal y preescolar.<\/p>\n<p>La guarder\u00eda est\u00e1 ubicada en calle Miguel Hidalgo sin n\u00famero, en la colonia Voluntad y Trabajo, donde se brinda un entorno adecuado para el desarrollo f\u00edsico, emocional y educativo de las y los menores, en apoyo a los padres trabajadores a fin de que tengan un espacio donde sus hijos puedan desarrollarse mientras est\u00e1n en sus centros laborales.<\/p>\n<p>El DIF-Reynosa invita a las personas interesadas a solicitar mayor informaci\u00f3n comunic\u00e1ndose al tel\u00e9fono 8999021477, a partir del 7 de enero, reiterando su compromiso de apoyar a las familias reynosenses con servicios que fortalecen el bienestar infantil.<\/p>\n","protected":false},"excerpt":{"rendered":"<p>Reynosa, Tam (31-Diciembre-2025).- El Sistema DIF-Reynosa que preside Carlos Luis Pe\u00f1a Garza, ofrece atenci\u00f3n a&#8230;<\/p>\n","protected":false},"author":1,"featured_media":194169,"comment_status":"closed","ping_status":"closed","sticky":false,"template":"","format":"standard","meta":{"footnotes":"","jetpack_publicize_message":"","jetpack_publicize_feature_enabled":true,"jetpack_social_post_already_shared":true,"jetpack_social_options":{"image_generator_settings":{"template":"highway","default_image_id":0,"font":"","enabled":false},"version":2}},"categories":[9],"tags":[],"class_list":["post-194168","post","type-post","status-publish","format-standard","has-post-thumbnail","hentry","category-reynosa"],"jetpack_publicize_connections":[],"_links":{"self":[{"href":"https:\/\/www.buroperiodistico.com.mx\/index.php?rest_route=\/wp\/v2\/posts\/194168","targetHints":{"allow":["GET"]}}],"collection":[{"href":"https:\/\/www.buroperiodistico.com.mx\/index.php?rest_route=\/wp\/v2\/posts"}],"about":[{"href":"https:\/\/www.buroperiodistico.com.mx\/index.php?rest_route=\/wp\/v2\/types\/post"}],"author":[{"embeddable":true,"href":"https:\/\/www.buroperiodistico.com.mx\/index.php?rest_route=\/wp\/v2\/users\/1"}],"replies":[{"embeddable":true,"href":"https:\/\/www.buroperiodistico.com.mx\/index.php?rest_route=%2Fwp%2Fv2%2Fcomments&post=194168"}],"version-history":[{"count":1,"href":"https:\/\/www.buroperiodistico.com.mx\/index.php?rest_route=\/wp\/v2\/posts\/194168\/revisions"}],"predecessor-version":[{"id":194170,"href":"https:\/\/www.buroperiodistico.com.mx\/index.php?rest_route=\/wp\/v2\/posts\/194168\/revisions\/194170"}],"wp:featuredmedia":[{"embeddable":true,"href":"https:\/\/www.buroperiodistico.com.mx\/index.php?rest_route=\/wp\/v2\/media\/194169"}],"wp:attachment":[{"href":"https:\/\/www.buroperiodistico.com.mx\/index.php?rest_route=%2Fwp%2Fv2%2Fmedia&parent=194168"}],"wp:term":[{"taxonomy":"category","embeddable":true,"href":"https:\/\/www.buroperiodistico.com.mx\/index.php?rest_route=%2Fwp%2Fv2%2Fcategories&post=194168"},{"taxonomy":"post_tag","embeddable":true,"href":"https:\/\/www.buroperiodistico.com.mx\/index.php?rest_route=%2Fwp%2Fv2%2Ftags&post=194168"}],"curies":[{"name":"wp","href":"https:\/\/api.w.org\/{rel}","templated":true}]}}