{"id":194149,"date":"2025-12-31T12:18:41","date_gmt":"2025-12-31T18:18:41","guid":{"rendered":"https:\/\/www.buroperiodistico.com.mx\/?p=194149"},"modified":"2025-12-31T12:18:41","modified_gmt":"2025-12-31T18:18:41","slug":"desdelafrontera-por-pedronatividad-45","status":"publish","type":"post","link":"https:\/\/www.buroperiodistico.com.mx\/?p=194149","title":{"rendered":"#DESDELAFRONTERA\/ POR #PEDRONATIVIDAD"},"content":{"rendered":"<p style=\"text-align: center;\"><em><strong>Se va un a\u00f1o m\u00e1s\u2026 y Nuevo Laredo sigue creciendo<\/strong><\/em><\/p>\n<p><em><strong>(31-Diciembre-2025).-<\/strong><\/em> El calendario marca el cierre de un a\u00f1o m\u00e1s. Se apagan los \u00faltimos d\u00edas del 2025 y, como ocurre siempre, llega el momento inevitable del balance. El tiempo es el juez m\u00e1s severo de los gobiernos, no escucha discursos, no compra promesas y no se deja impresionar por la ret\u00f3rica. Solo revisa resultados.<\/p>\n<p>Y en Nuevo Laredo, los n\u00fameros, las obras y el posicionamiento nacional e internacional hablan por s\u00ed solos.<\/p>\n<p>El 2026 asoma como un a\u00f1o cargado de esperanza, pero tambi\u00e9n de continuidad. Porque el crecimiento no ha sido producto de la casualidad, sino de una ruta clara que se ha venido construyendo durante los \u00faltimos cuatro a\u00f1os bajo el gobierno de la alcaldesa Carmen Lilia Canturosas Villarreal, una administraci\u00f3n que entendi\u00f3 que gobernar una ciudad fronteriza no es administrar inercias, sino aprovechar su enorme potencial estrat\u00e9gico.<\/p>\n<p>Durante este periodo, Nuevo Laredo dej\u00f3 de ser solo la aduana m\u00e1s importante del pa\u00eds para convertirse en un referente nacional de desarrollo log\u00edstico, orden financiero y visi\u00f3n de futuro. La llegada de la Agencia Nacional de Aduanas de M\u00e9xico no fue un gesto simb\u00f3lico, fue el reconocimiento del Gobierno Federal a la importancia de esta frontera para la econom\u00eda nacional. A ello se suma el impulso al proyecto ferroviario, clave para fortalecer la conectividad comercial, y la modernizaci\u00f3n de vialidades estrat\u00e9gicas que sostienen el flujo diario de mercanc\u00edas.<\/p>\n<p>Nada de esto habr\u00eda sido posible sin una coordinaci\u00f3n pol\u00edtica efectiva. Carmen Lilia ha sabido trabajar de la mano del gobernador Am\u00e9rico Villarreal Anaya, quien ha respaldado a Nuevo Laredo como motor econ\u00f3mico de Tamaulipas, y hoy, con el acompa\u00f1amiento del Gobierno Federal encabezado por la presidenta Claudia Sheinbaum, se abre una nueva etapa de consolidaci\u00f3n institucional y desarrollo.<\/p>\n<p>La presencia de la alcaldesa en foros internacionales, incluso en espacios de la ONU, no es un acto de vanidad pol\u00edtica, sino una se\u00f1al clara de que Nuevo Laredo ya juega en otra liga. Una ciudad que habla de agua, sostenibilidad, comercio y cooperaci\u00f3n binacional con argumentos, cifras y resultados.<\/p>\n<p>Cuatro a\u00f1os de crecimiento no se improvisan. Se planean, se gestionan y se defienden. Y en ese camino, Nuevo Laredo ha ganado estabilidad financiera, confianza de inversionistas y reconocimiento fuera de nuestras fronteras.<\/p>\n<p>Hoy cerramos un a\u00f1o m\u00e1s, con retos a\u00fan por enfrentar, pero con bases s\u00f3lidas. El 2026 llega con expectativas altas, con proyectos en marcha y con una ciudad que aprendi\u00f3 que cuando hay rumbo, hay futuro.<\/p>\n<p>Que este fin de a\u00f1o sea tambi\u00e9n un momento de reflexi\u00f3n. Que el cierre del calendario nos recuerde que el crecimiento se construye todos los d\u00edas y que el mejor deseo para Nuevo Laredo es seguir avanzando, con unidad, trabajo y visi\u00f3n.<\/p>\n<p>Que el 2026 llegue con m\u00e1s progreso, m\u00e1s oportunidades y, sobre todo, con la certeza de que esta frontera sabe hacia d\u00f3nde va.<\/p>\n<p>Feliz fin de a\u00f1o&#8230; \u00bfQu\u00e9, no?, NOS LEEMOS.<\/p>\n<p>Comentarios: pedropnatividad@gmail.com<\/p>\n","protected":false},"excerpt":{"rendered":"<p>Se va un a\u00f1o m\u00e1s\u2026 y Nuevo Laredo sigue creciendo (31-Diciembre-2025).- El calendario marca el&#8230;<\/p>\n","protected":false},"author":1,"featured_media":149241,"comment_status":"closed","ping_status":"closed","sticky":false,"template":"","format":"standard","meta":{"footnotes":"","jetpack_publicize_message":"","jetpack_publicize_feature_enabled":true,"jetpack_social_post_already_shared":true,"jetpack_social_options":{"image_generator_settings":{"template":"highway","default_image_id":0,"font":"","enabled":false},"version":2}},"categories":[23],"tags":[],"class_list":["post-194149","post","type-post","status-publish","format-standard","has-post-thumbnail","hentry","category-columnas"],"jetpack_publicize_connections":[],"_links":{"self":[{"href":"https:\/\/www.buroperiodistico.com.mx\/index.php?rest_route=\/wp\/v2\/posts\/194149","targetHints":{"allow":["GET"]}}],"collection":[{"href":"https:\/\/www.buroperiodistico.com.mx\/index.php?rest_route=\/wp\/v2\/posts"}],"about":[{"href":"https:\/\/www.buroperiodistico.com.mx\/index.php?rest_route=\/wp\/v2\/types\/post"}],"author":[{"embeddable":true,"href":"https:\/\/www.buroperiodistico.com.mx\/index.php?rest_route=\/wp\/v2\/users\/1"}],"replies":[{"embeddable":true,"href":"https:\/\/www.buroperiodistico.com.mx\/index.php?rest_route=%2Fwp%2Fv2%2Fcomments&post=194149"}],"version-history":[{"count":1,"href":"https:\/\/www.buroperiodistico.com.mx\/index.php?rest_route=\/wp\/v2\/posts\/194149\/revisions"}],"predecessor-version":[{"id":194150,"href":"https:\/\/www.buroperiodistico.com.mx\/index.php?rest_route=\/wp\/v2\/posts\/194149\/revisions\/194150"}],"wp:featuredmedia":[{"embeddable":true,"href":"https:\/\/www.buroperiodistico.com.mx\/index.php?rest_route=\/wp\/v2\/media\/149241"}],"wp:attachment":[{"href":"https:\/\/www.buroperiodistico.com.mx\/index.php?rest_route=%2Fwp%2Fv2%2Fmedia&parent=194149"}],"wp:term":[{"taxonomy":"category","embeddable":true,"href":"https:\/\/www.buroperiodistico.com.mx\/index.php?rest_route=%2Fwp%2Fv2%2Fcategories&post=194149"},{"taxonomy":"post_tag","embeddable":true,"href":"https:\/\/www.buroperiodistico.com.mx\/index.php?rest_route=%2Fwp%2Fv2%2Ftags&post=194149"}],"curies":[{"name":"wp","href":"https:\/\/api.w.org\/{rel}","templated":true}]}}