{"id":194104,"date":"2025-12-30T14:51:23","date_gmt":"2025-12-30T20:51:23","guid":{"rendered":"https:\/\/www.buroperiodistico.com.mx\/?p=194104"},"modified":"2025-12-30T14:51:23","modified_gmt":"2025-12-30T20:51:23","slug":"estudiantes-de-la-preparatoria-municipal-elena-poniatowska-representan-a-nuevo-laredo-en-feria-cientifica-internacional","status":"publish","type":"post","link":"https:\/\/www.buroperiodistico.com.mx\/?p=194104","title":{"rendered":"ESTUDIANTES DE LA PREPARATORIA MUNICIPAL \u201cELENA PONIATOWSKA\u201d REPRESENTAN A NUEVO LAREDO EN FERIA CIENT\u00cdFICA INTERNACIONAL"},"content":{"rendered":"<p><em><strong><img loading=\"lazy\" decoding=\"async\" class=\" wp-image-194107 alignright\" src=\"https:\/\/www.buroperiodistico.com.mx\/wp-content\/uploads\/2025\/12\/Estudix.jpeg\" alt=\"\" width=\"449\" height=\"299\" srcset=\"https:\/\/www.buroperiodistico.com.mx\/wp-content\/uploads\/2025\/12\/Estudix.jpeg 1024w, https:\/\/www.buroperiodistico.com.mx\/wp-content\/uploads\/2025\/12\/Estudix-300x200.jpeg 300w, https:\/\/www.buroperiodistico.com.mx\/wp-content\/uploads\/2025\/12\/Estudix-768x512.jpeg 768w\" sizes=\"auto, (max-width: 449px) 100vw, 449px\" \/>Nuevo Laredo, Tam (30-Diciembre-2025).-<\/strong><\/em>\u00a0Al cierre de este a\u00f1o, Nuevo Laredo fue representado en un escenario de talla internacional gracias al talento y compromiso de dos estudiantes de la Preparatoria Municipal \u201cElena Poniatowska\u201d, instituci\u00f3n perteneciente al Gobierno Municipal, quienes participaron en la Feria Nacional de Clubes de Ciencia, realizada en la ciudad de Piri\u00e1polis, Uruguay.<\/p>\n<p>Michelle Guti\u00e9rrez Salas y Alejandro Pedraza Calder\u00f3n, alumnos de la prepa municipal, expusieron el proyecto \u201cSistema de bioclimatizaci\u00f3n para viviendas\u201d, con el que representaron a M\u00e9xico ante la comunidad cient\u00edfica internacional.<\/p>\n<p>Luego de obtener reconocimientos a nivel regional y nacional, el proyecto fue seleccionado para presentarse en el extranjero, consolidando el esfuerzo acad\u00e9mico de los j\u00f3venes y demostrando que la innovaci\u00f3n, la ciencia y la conciencia ambiental tambi\u00e9n nacen desde las aulas de Nuevo Laredo, con potencial real para transformar entornos y mejorar la calidad de vida.<\/p>\n<p>La participaci\u00f3n de los estudiantes en esta exposici\u00f3n internacional fue posible gracias al respaldo del Gobierno Municipal, encabezado por la alcaldesa Carmen Lilia Canturosas Villarreal, quien brind\u00f3 el apoyo necesario para que los j\u00f3venes pudieran viajar y llevar su proyecto a Sudam\u00e9rica. Este hecho refleja el compromiso de su administraci\u00f3n con el impulso a la educaci\u00f3n, la ciencia y el desarrollo integral de las nuevas generaciones.<\/p>\n<p>Los estudiantes de la Prepa Municipal \u201cElena Poniatowska\u201d presentaron un proyecto que plantea una alternativa sustentable para la vivienda, basada en principios f\u00edsicos y el aprovechamiento de materiales naturales, que permite regular la temperatura en los hogares sin depender del uso intensivo de energ\u00eda el\u00e9ctrica, reduciendo el impacto ambiental y ofreciendo soluciones viables para contextos de altas temperaturas y limitaciones econ\u00f3micas.<\/p>\n<p>El Gobierno Municipal de Nuevo Laredo ha consolidado una pol\u00edtica p\u00fablica que prioriza la formaci\u00f3n acad\u00e9mica, el talento joven y la proyecci\u00f3n internacional de sus estudiantes, posicionando a la ciudad como un referente de innovaci\u00f3n educativa y reafirmando que invertir en educaci\u00f3n es invertir en el futuro de la comunidad.<\/p>\n<p><img loading=\"lazy\" decoding=\"async\" class=\"aligncenter size-full wp-image-194105\" src=\"https:\/\/www.buroperiodistico.com.mx\/wp-content\/uploads\/2025\/12\/Estudix-I.jpeg\" alt=\"\" width=\"599\" height=\"480\" srcset=\"https:\/\/www.buroperiodistico.com.mx\/wp-content\/uploads\/2025\/12\/Estudix-I.jpeg 599w, https:\/\/www.buroperiodistico.com.mx\/wp-content\/uploads\/2025\/12\/Estudix-I-300x240.jpeg 300w\" sizes=\"auto, (max-width: 599px) 100vw, 599px\" \/> <img loading=\"lazy\" decoding=\"async\" class=\"aligncenter size-full wp-image-194106\" src=\"https:\/\/www.buroperiodistico.com.mx\/wp-content\/uploads\/2025\/12\/Estudix-II.jpeg\" alt=\"\" width=\"640\" height=\"480\" srcset=\"https:\/\/www.buroperiodistico.com.mx\/wp-content\/uploads\/2025\/12\/Estudix-II.jpeg 640w, https:\/\/www.buroperiodistico.com.mx\/wp-content\/uploads\/2025\/12\/Estudix-II-300x225.jpeg 300w\" sizes=\"auto, (max-width: 640px) 100vw, 640px\" \/><\/p>\n","protected":false},"excerpt":{"rendered":"<p>Nuevo Laredo, Tam (30-Diciembre-2025).-\u00a0Al cierre de este a\u00f1o, Nuevo Laredo fue representado en un escenario&#8230;<\/p>\n","protected":false},"author":1,"featured_media":194107,"comment_status":"closed","ping_status":"closed","sticky":false,"template":"","format":"standard","meta":{"footnotes":"","jetpack_publicize_message":"","jetpack_publicize_feature_enabled":true,"jetpack_social_post_already_shared":true,"jetpack_social_options":{"image_generator_settings":{"template":"highway","default_image_id":0,"font":"","enabled":false},"version":2}},"categories":[16],"tags":[],"class_list":["post-194104","post","type-post","status-publish","format-standard","has-post-thumbnail","hentry","category-nuevolaredo"],"jetpack_publicize_connections":[],"_links":{"self":[{"href":"https:\/\/www.buroperiodistico.com.mx\/index.php?rest_route=\/wp\/v2\/posts\/194104","targetHints":{"allow":["GET"]}}],"collection":[{"href":"https:\/\/www.buroperiodistico.com.mx\/index.php?rest_route=\/wp\/v2\/posts"}],"about":[{"href":"https:\/\/www.buroperiodistico.com.mx\/index.php?rest_route=\/wp\/v2\/types\/post"}],"author":[{"embeddable":true,"href":"https:\/\/www.buroperiodistico.com.mx\/index.php?rest_route=\/wp\/v2\/users\/1"}],"replies":[{"embeddable":true,"href":"https:\/\/www.buroperiodistico.com.mx\/index.php?rest_route=%2Fwp%2Fv2%2Fcomments&post=194104"}],"version-history":[{"count":1,"href":"https:\/\/www.buroperiodistico.com.mx\/index.php?rest_route=\/wp\/v2\/posts\/194104\/revisions"}],"predecessor-version":[{"id":194108,"href":"https:\/\/www.buroperiodistico.com.mx\/index.php?rest_route=\/wp\/v2\/posts\/194104\/revisions\/194108"}],"wp:featuredmedia":[{"embeddable":true,"href":"https:\/\/www.buroperiodistico.com.mx\/index.php?rest_route=\/wp\/v2\/media\/194107"}],"wp:attachment":[{"href":"https:\/\/www.buroperiodistico.com.mx\/index.php?rest_route=%2Fwp%2Fv2%2Fmedia&parent=194104"}],"wp:term":[{"taxonomy":"category","embeddable":true,"href":"https:\/\/www.buroperiodistico.com.mx\/index.php?rest_route=%2Fwp%2Fv2%2Fcategories&post=194104"},{"taxonomy":"post_tag","embeddable":true,"href":"https:\/\/www.buroperiodistico.com.mx\/index.php?rest_route=%2Fwp%2Fv2%2Ftags&post=194104"}],"curies":[{"name":"wp","href":"https:\/\/api.w.org\/{rel}","templated":true}]}}