{"id":194098,"date":"2025-12-30T14:47:31","date_gmt":"2025-12-30T20:47:31","guid":{"rendered":"https:\/\/www.buroperiodistico.com.mx\/?p=194098"},"modified":"2025-12-30T14:47:31","modified_gmt":"2025-12-30T20:47:31","slug":"mexico-profundiza-su-dependencia-alimentaria-granos-y-oleaginosas-solo-cubren-44-del-consumo","status":"publish","type":"post","link":"https:\/\/www.buroperiodistico.com.mx\/?p=194098","title":{"rendered":"M\u00e9xico profundiza su dependencia alimentaria: granos y oleaginosas solo cubren 44% del consumo"},"content":{"rendered":"<p><em><strong><img loading=\"lazy\" decoding=\"async\" class=\" wp-image-194099 alignright\" src=\"https:\/\/www.buroperiodistico.com.mx\/wp-content\/uploads\/2025\/12\/VEjnx.jpg\" alt=\"\" width=\"590\" height=\"319\" srcset=\"https:\/\/www.buroperiodistico.com.mx\/wp-content\/uploads\/2025\/12\/VEjnx.jpg 1110w, https:\/\/www.buroperiodistico.com.mx\/wp-content\/uploads\/2025\/12\/VEjnx-300x162.jpg 300w, https:\/\/www.buroperiodistico.com.mx\/wp-content\/uploads\/2025\/12\/VEjnx-1024x554.jpg 1024w, https:\/\/www.buroperiodistico.com.mx\/wp-content\/uploads\/2025\/12\/VEjnx-768x415.jpg 768w\" sizes=\"auto, (max-width: 590px) 100vw, 590px\" \/>(30-Diciembre-2025).-<\/strong><\/em> Al cierre de noviembre de 2025, el mercado mexicano de granos y oleaginosas contin\u00faa deteriorando la autosuficiencia alimentaria al producir apenas 44.1% de lo que consume; as\u00ed, M\u00e9xico se consolida como el segundo mayor importador mundial de granos y oleaginosas, adem\u00e1s de ser el principal comprador global de ma\u00edz blanco y amarillo.<\/p>\n<p>As\u00ed lo refiere el an\u00e1lisis de Grupo Consultor de Mercados Agr\u00edcolas (GCMA), quien agrega que a pesar de que la superficie cosechada total creci\u00f3 11.1%, la producci\u00f3n nacional s\u00f3lo aument\u00f3 un 2.0%, \u201clo que refleja una ca\u00edda en la productividad asociada principalmente a factores clim\u00e1ticos\u201d.<\/p>\n<p>Esta situaci\u00f3n se agrava con un incremento del 3% en el volumen de las importaciones y un desplome de casi 78% en las exportaciones, reduciendo el \u00edndice de autosuficiencia desde 46.8% registrado anteriormente. \u201cEn t\u00e9rminos de rentabilidad, el productor mexicano enfrenta una presi\u00f3n adicional debido a que el producto nacional subi\u00f3 3.6% mientras que el grano importado baj\u00f3 0.5%\u201d, indica el documento.<\/p>\n<p>El desempe\u00f1o por producto revela crisis profundas, como en el caso del ma\u00edz, donde la producci\u00f3n cay\u00f3 3.9% anualizada a pesar de un incremento en la superficie cosechada, elevando la dependencia externa con importaciones que alcanzan los 24.5 millones de toneladas.<\/p>\n<p>El trigo presenta un colapso productivo hist\u00f3rico del 34% por la sequ\u00eda, dejando la autosuficiencia en apenas un 23%. Por su parte, el sorgo vio reducida su autosuficiencia al 81.5% ante el disparo de compras externas incentivadas por los bajos precios internacionales.<\/p>\n<p>En contraste, el frijol se presenta como un caso at\u00edpico positivo con un crecimiento en la producci\u00f3n del 18.8%, permitiendo que la autosuficiencia se recupere al 86%. El arroz, aunque mejor\u00f3 su producci\u00f3n, mantiene una autosuficiencia cr\u00edtica de apenas 20.3%, afectada por una ca\u00edda del 18% en los precios nacionales que golpea la rentabilidad del sector.<\/p>\n<p>Grupo Consultor de Mercados Agr\u00edcolas (GCMA) advierte que el sector sigue siendo el tal\u00f3n de Aquiles de la seguridad alimentaria debido a pol\u00edticas p\u00fablicas que se enfocan en el peque\u00f1o productor, quien representa 84% de las unidades pero solo genera 26% del volumen. Esta estrategia excluye a 16% de los productores que abastecen 74% del mercado y que hoy enfrentan altos costos, falta de financiamiento y ausencia de seguros. \u00abSin una pol\u00edtica integral que eleve la productividad de todos los sectores, M\u00e9xico seguir\u00e1 profundizando su dependencia externa\u201d.<\/p>\n","protected":false},"excerpt":{"rendered":"<p>(30-Diciembre-2025).- Al cierre de noviembre de 2025, el mercado mexicano de granos y oleaginosas contin\u00faa&#8230;<\/p>\n","protected":false},"author":1,"featured_media":194099,"comment_status":"closed","ping_status":"closed","sticky":false,"template":"","format":"standard","meta":{"footnotes":"","jetpack_publicize_message":"","jetpack_publicize_feature_enabled":true,"jetpack_social_post_already_shared":true,"jetpack_social_options":{"image_generator_settings":{"template":"highway","default_image_id":0,"font":"","enabled":false},"version":2}},"categories":[11],"tags":[],"class_list":["post-194098","post","type-post","status-publish","format-standard","has-post-thumbnail","hentry","category-nacional"],"jetpack_publicize_connections":[],"_links":{"self":[{"href":"https:\/\/www.buroperiodistico.com.mx\/index.php?rest_route=\/wp\/v2\/posts\/194098","targetHints":{"allow":["GET"]}}],"collection":[{"href":"https:\/\/www.buroperiodistico.com.mx\/index.php?rest_route=\/wp\/v2\/posts"}],"about":[{"href":"https:\/\/www.buroperiodistico.com.mx\/index.php?rest_route=\/wp\/v2\/types\/post"}],"author":[{"embeddable":true,"href":"https:\/\/www.buroperiodistico.com.mx\/index.php?rest_route=\/wp\/v2\/users\/1"}],"replies":[{"embeddable":true,"href":"https:\/\/www.buroperiodistico.com.mx\/index.php?rest_route=%2Fwp%2Fv2%2Fcomments&post=194098"}],"version-history":[{"count":1,"href":"https:\/\/www.buroperiodistico.com.mx\/index.php?rest_route=\/wp\/v2\/posts\/194098\/revisions"}],"predecessor-version":[{"id":194100,"href":"https:\/\/www.buroperiodistico.com.mx\/index.php?rest_route=\/wp\/v2\/posts\/194098\/revisions\/194100"}],"wp:featuredmedia":[{"embeddable":true,"href":"https:\/\/www.buroperiodistico.com.mx\/index.php?rest_route=\/wp\/v2\/media\/194099"}],"wp:attachment":[{"href":"https:\/\/www.buroperiodistico.com.mx\/index.php?rest_route=%2Fwp%2Fv2%2Fmedia&parent=194098"}],"wp:term":[{"taxonomy":"category","embeddable":true,"href":"https:\/\/www.buroperiodistico.com.mx\/index.php?rest_route=%2Fwp%2Fv2%2Fcategories&post=194098"},{"taxonomy":"post_tag","embeddable":true,"href":"https:\/\/www.buroperiodistico.com.mx\/index.php?rest_route=%2Fwp%2Fv2%2Ftags&post=194098"}],"curies":[{"name":"wp","href":"https:\/\/api.w.org\/{rel}","templated":true}]}}