{"id":194094,"date":"2025-12-30T14:44:18","date_gmt":"2025-12-30T20:44:18","guid":{"rendered":"https:\/\/www.buroperiodistico.com.mx\/?p=194094"},"modified":"2025-12-30T14:44:18","modified_gmt":"2025-12-30T20:44:18","slug":"cerca-de-180-mil-toneladas-de-grano-de-maiz-estan-en-riesgo-en-guanajuato-por-permanecer-al-aire-libre","status":"publish","type":"post","link":"https:\/\/www.buroperiodistico.com.mx\/?p=194094","title":{"rendered":"Cerca de 180 mil toneladas de grano de ma\u00edz est\u00e1n en riesgo en Guanajuato por permanecer al aire libre"},"content":{"rendered":"<p><em><strong><img loading=\"lazy\" decoding=\"async\" class=\" wp-image-194095 alignright\" src=\"https:\/\/www.buroperiodistico.com.mx\/wp-content\/uploads\/2025\/12\/Miax.jpg\" alt=\"\" width=\"551\" height=\"298\" srcset=\"https:\/\/www.buroperiodistico.com.mx\/wp-content\/uploads\/2025\/12\/Miax.jpg 1110w, https:\/\/www.buroperiodistico.com.mx\/wp-content\/uploads\/2025\/12\/Miax-300x162.jpg 300w, https:\/\/www.buroperiodistico.com.mx\/wp-content\/uploads\/2025\/12\/Miax-1024x554.jpg 1024w, https:\/\/www.buroperiodistico.com.mx\/wp-content\/uploads\/2025\/12\/Miax-768x415.jpg 768w\" sizes=\"auto, (max-width: 551px) 100vw, 551px\" \/>(30-Diciembre-2025).-<\/strong><\/em> El 30 por ciento de las m\u00e1s de 600 mil toneladas de grano de ma\u00edz que no han podido ser comercializadas en el estado de Guanajuato, se encuentran almacenadas al aire libre, lo que representa un riesgo de p\u00e9rdida ante la posible llegada de lluvias y por la exposici\u00f3n prolongada al sol y al viento.<\/p>\n<p>Lo anterior, lo mencion\u00f3 Jos\u00e9 Amadeo Hern\u00e1ndez Barajas, presidente de los agricultores de Ac\u00e1mbaro. Agreg\u00f3 que, esto equivale a aproximadamente a 180 mil toneladas que no cuentan con resguardo en bodegas, mientras que el resto del grano se mantiene almacenado en espacios cerrados.<\/p>\n<p>Hern\u00e1ndez Barajas explic\u00f3 que, aunque parte del grano puede mantenerse temporalmente en esas condiciones, la exposici\u00f3n al clima incrementa el riesgo de afectaciones al producto, especialmente en caso de que se presenten lluvias.<\/p>\n<p>\u201cHay casos donde est\u00e1n al aire libre y eso es con el temor de que llegue la lluvia, porque pues con unas lonas ah\u00ed no tiene una seguridad de que no puedan tener alg\u00fan tipo de que se vaya a mojar, o que el mismo viento, el sol, pues tambi\u00e9n los perjudica\u201d, describi\u00f3 el presidente.<\/p>\n<p>Se\u00f1al\u00f3 que los productores ya realizaron la cosecha; sin embargo, una parte importante no ha recibido pago debido a que el grano no ha sido adquirido, lo que ha generado complicaciones econ\u00f3micas en distintas regiones del estado.<\/p>\n<p>\u201cLa gente lo que necesita que le paguen, porque tiene deudas y ya se viene al rato nuevamente el otro ciclo agr\u00edcola y pues est\u00e1n en una incertidumbre total\u201d, dijo.<\/p>\n<p>Mencion\u00f3 que es en el mes de marzo cuando inicia el nuevo ciclo con el riego de las presas, aunque previamente se deben realizar trabajos de preparaci\u00f3n de la tierra, lo que implica costos en maquinaria y combustible.<\/p>\n<p>En cuanto al valor del grano que no ha sido comercializado, indic\u00f3 que el precio por tonelada ha oscilado entre los 5 mil y 5 mil 200 pesos, aunque en algunos municipios se han registrado precios menores.<\/p>\n<p>\u201cHubo algunas bodegas en algunos municipios que hasta menos de 5 mil pesos la renta, es una gran inversi\u00f3n. Porque ya hab\u00eda mucha producci\u00f3n, mucho grano m\u00e1s bien, en vagones de trenes, que llegaban hasta 3 mil 500 toneladas, pues imag\u00ednense desde Estados Unidos\u201d, explic\u00f3.<\/p>\n<p>Refiri\u00f3 que productores del estado contin\u00faan realizando gestiones para encontrar alternativas de comercializaci\u00f3n, aunque reconoci\u00f3 que el proceso se ha complicado debido a la limitada apertura de la industria.<\/p>\n<p>\u201cEstamos viendo, pero no es f\u00e1cil, realmente est\u00e1 muy cerrada la industria\u201d, concluy\u00f3.<\/p>\n","protected":false},"excerpt":{"rendered":"<p>(30-Diciembre-2025).- El 30 por ciento de las m\u00e1s de 600 mil toneladas de grano de&#8230;<\/p>\n","protected":false},"author":1,"featured_media":194095,"comment_status":"closed","ping_status":"closed","sticky":false,"template":"","format":"standard","meta":{"footnotes":"","jetpack_publicize_message":"","jetpack_publicize_feature_enabled":true,"jetpack_social_post_already_shared":true,"jetpack_social_options":{"image_generator_settings":{"template":"highway","default_image_id":0,"font":"","enabled":false},"version":2}},"categories":[11],"tags":[],"class_list":["post-194094","post","type-post","status-publish","format-standard","has-post-thumbnail","hentry","category-nacional"],"jetpack_publicize_connections":[],"_links":{"self":[{"href":"https:\/\/www.buroperiodistico.com.mx\/index.php?rest_route=\/wp\/v2\/posts\/194094","targetHints":{"allow":["GET"]}}],"collection":[{"href":"https:\/\/www.buroperiodistico.com.mx\/index.php?rest_route=\/wp\/v2\/posts"}],"about":[{"href":"https:\/\/www.buroperiodistico.com.mx\/index.php?rest_route=\/wp\/v2\/types\/post"}],"author":[{"embeddable":true,"href":"https:\/\/www.buroperiodistico.com.mx\/index.php?rest_route=\/wp\/v2\/users\/1"}],"replies":[{"embeddable":true,"href":"https:\/\/www.buroperiodistico.com.mx\/index.php?rest_route=%2Fwp%2Fv2%2Fcomments&post=194094"}],"version-history":[{"count":2,"href":"https:\/\/www.buroperiodistico.com.mx\/index.php?rest_route=\/wp\/v2\/posts\/194094\/revisions"}],"predecessor-version":[{"id":194097,"href":"https:\/\/www.buroperiodistico.com.mx\/index.php?rest_route=\/wp\/v2\/posts\/194094\/revisions\/194097"}],"wp:featuredmedia":[{"embeddable":true,"href":"https:\/\/www.buroperiodistico.com.mx\/index.php?rest_route=\/wp\/v2\/media\/194095"}],"wp:attachment":[{"href":"https:\/\/www.buroperiodistico.com.mx\/index.php?rest_route=%2Fwp%2Fv2%2Fmedia&parent=194094"}],"wp:term":[{"taxonomy":"category","embeddable":true,"href":"https:\/\/www.buroperiodistico.com.mx\/index.php?rest_route=%2Fwp%2Fv2%2Fcategories&post=194094"},{"taxonomy":"post_tag","embeddable":true,"href":"https:\/\/www.buroperiodistico.com.mx\/index.php?rest_route=%2Fwp%2Fv2%2Ftags&post=194094"}],"curies":[{"name":"wp","href":"https:\/\/api.w.org\/{rel}","templated":true}]}}