{"id":194084,"date":"2025-12-30T13:50:18","date_gmt":"2025-12-30T19:50:18","guid":{"rendered":"https:\/\/www.buroperiodistico.com.mx\/?p=194084"},"modified":"2025-12-30T13:50:18","modified_gmt":"2025-12-30T19:50:18","slug":"invitan-a-empresas-a-participar-en-ferias-del-empleo-del-gobierno-municipal","status":"publish","type":"post","link":"https:\/\/www.buroperiodistico.com.mx\/?p=194084","title":{"rendered":"INVITAN A EMPRESAS A PARTICIPAR EN FERIAS DEL EMPLEO DEL GOBIERNO MUNICIPAL"},"content":{"rendered":"<p><em><strong><img loading=\"lazy\" decoding=\"async\" class=\" wp-image-194086 alignright\" src=\"https:\/\/www.buroperiodistico.com.mx\/wp-content\/uploads\/2025\/12\/Emprexax.jpeg\" alt=\"\" width=\"500\" height=\"304\" srcset=\"https:\/\/www.buroperiodistico.com.mx\/wp-content\/uploads\/2025\/12\/Emprexax.jpeg 1024w, https:\/\/www.buroperiodistico.com.mx\/wp-content\/uploads\/2025\/12\/Emprexax-300x182.jpeg 300w, https:\/\/www.buroperiodistico.com.mx\/wp-content\/uploads\/2025\/12\/Emprexax-768x467.jpeg 768w\" sizes=\"auto, (max-width: 500px) 100vw, 500px\" \/>Nuevo Laredo, Tam (30-Diciembre-2025).-<\/strong><\/em> La Secretar\u00eda de Desarrollo Econ\u00f3mico del Gobierno de Nuevo Laredo invita a las empresas que se encuentran en b\u00fasqueda de talento humano a registrarse para participar en las pr\u00f3ximas Ferias del Empleo que se llevar\u00e1n a cabo en 2026, un espacio dise\u00f1ado para fortalecer la vinculaci\u00f3n laboral y fomentar el crecimiento econ\u00f3mico de la ciudad.<\/p>\n<p>A trav\u00e9s de la Bolsa de Empleo Municipal, se convoca a c\u00e1maras empresariales y a empresas de los sectores maquilador, transportista, aduanal, comercial y de servicios a sumarse como expositores, con el objetivo de conectar de manera directa con personas que buscan una oportunidad laboral acorde a su perfil y experiencia, generando as\u00ed un beneficio mutuo para empleadores y buscadores de empleo.<\/p>\n<p>El Gobierno Municipal refrenda su compromiso de impulsar acciones que fortalezcan el mercado laboral local, facilitando canales efectivos de reclutamiento y promoviendo el desarrollo del talento en Nuevo Laredo, en coordinaci\u00f3n con el sector productivo.<\/p>\n<p>Las empresas interesadas en participar pueden comunicarse con la Bolsa de Empleo al tel\u00e9fono 867 713 70 11 o acudir directamente al Centro C\u00edvico Municipal, en la Ventanilla 1, ubicada en el cruce de H\u00e9roe de Nacataz y Reynosa, donde recibir\u00e1n informaci\u00f3n detallada sobre el proceso de registro y los beneficios de formar parte de estas ferias del empleo.<\/p>\n<p><img loading=\"lazy\" decoding=\"async\" class=\"aligncenter size-full wp-image-194085\" src=\"https:\/\/www.buroperiodistico.com.mx\/wp-content\/uploads\/2025\/12\/Emprexax-I.jpeg\" alt=\"\" width=\"640\" height=\"427\" srcset=\"https:\/\/www.buroperiodistico.com.mx\/wp-content\/uploads\/2025\/12\/Emprexax-I.jpeg 640w, https:\/\/www.buroperiodistico.com.mx\/wp-content\/uploads\/2025\/12\/Emprexax-I-300x200.jpeg 300w\" sizes=\"auto, (max-width: 640px) 100vw, 640px\" \/><\/p>\n","protected":false},"excerpt":{"rendered":"<p>Nuevo Laredo, Tam (30-Diciembre-2025).- La Secretar\u00eda de Desarrollo Econ\u00f3mico del Gobierno de Nuevo Laredo invita&#8230;<\/p>\n","protected":false},"author":1,"featured_media":194086,"comment_status":"closed","ping_status":"closed","sticky":false,"template":"","format":"standard","meta":{"footnotes":"","jetpack_publicize_message":"","jetpack_publicize_feature_enabled":true,"jetpack_social_post_already_shared":true,"jetpack_social_options":{"image_generator_settings":{"template":"highway","default_image_id":0,"font":"","enabled":false},"version":2}},"categories":[16],"tags":[],"class_list":["post-194084","post","type-post","status-publish","format-standard","has-post-thumbnail","hentry","category-nuevolaredo"],"jetpack_publicize_connections":[],"_links":{"self":[{"href":"https:\/\/www.buroperiodistico.com.mx\/index.php?rest_route=\/wp\/v2\/posts\/194084","targetHints":{"allow":["GET"]}}],"collection":[{"href":"https:\/\/www.buroperiodistico.com.mx\/index.php?rest_route=\/wp\/v2\/posts"}],"about":[{"href":"https:\/\/www.buroperiodistico.com.mx\/index.php?rest_route=\/wp\/v2\/types\/post"}],"author":[{"embeddable":true,"href":"https:\/\/www.buroperiodistico.com.mx\/index.php?rest_route=\/wp\/v2\/users\/1"}],"replies":[{"embeddable":true,"href":"https:\/\/www.buroperiodistico.com.mx\/index.php?rest_route=%2Fwp%2Fv2%2Fcomments&post=194084"}],"version-history":[{"count":1,"href":"https:\/\/www.buroperiodistico.com.mx\/index.php?rest_route=\/wp\/v2\/posts\/194084\/revisions"}],"predecessor-version":[{"id":194087,"href":"https:\/\/www.buroperiodistico.com.mx\/index.php?rest_route=\/wp\/v2\/posts\/194084\/revisions\/194087"}],"wp:featuredmedia":[{"embeddable":true,"href":"https:\/\/www.buroperiodistico.com.mx\/index.php?rest_route=\/wp\/v2\/media\/194086"}],"wp:attachment":[{"href":"https:\/\/www.buroperiodistico.com.mx\/index.php?rest_route=%2Fwp%2Fv2%2Fmedia&parent=194084"}],"wp:term":[{"taxonomy":"category","embeddable":true,"href":"https:\/\/www.buroperiodistico.com.mx\/index.php?rest_route=%2Fwp%2Fv2%2Fcategories&post=194084"},{"taxonomy":"post_tag","embeddable":true,"href":"https:\/\/www.buroperiodistico.com.mx\/index.php?rest_route=%2Fwp%2Fv2%2Ftags&post=194084"}],"curies":[{"name":"wp","href":"https:\/\/api.w.org\/{rel}","templated":true}]}}