{"id":194070,"date":"2025-12-30T13:45:00","date_gmt":"2025-12-30T19:45:00","guid":{"rendered":"https:\/\/www.buroperiodistico.com.mx\/?p=194070"},"modified":"2025-12-30T13:45:00","modified_gmt":"2025-12-30T19:45:00","slug":"mas-de-17-mil-personas-celebraron-la-navidad-junto-al-alcalde-carlos-pena-ortiz-en-las-posadas-dif-reynosa","status":"publish","type":"post","link":"https:\/\/www.buroperiodistico.com.mx\/?p=194070","title":{"rendered":"M\u00e1s de 17 mil personas celebraron la Navidad junto al Alcalde Carlos Pe\u00f1a Ortiz en las Posadas DIF-Reynosa"},"content":{"rendered":"<p><em><strong><img loading=\"lazy\" decoding=\"async\" class=\" wp-image-194077 alignright\" src=\"https:\/\/www.buroperiodistico.com.mx\/wp-content\/uploads\/2025\/12\/Comax.jpeg\" alt=\"\" width=\"417\" height=\"244\" srcset=\"https:\/\/www.buroperiodistico.com.mx\/wp-content\/uploads\/2025\/12\/Comax.jpeg 1024w, https:\/\/www.buroperiodistico.com.mx\/wp-content\/uploads\/2025\/12\/Comax-300x175.jpeg 300w, https:\/\/www.buroperiodistico.com.mx\/wp-content\/uploads\/2025\/12\/Comax-768x449.jpeg 768w\" sizes=\"auto, (max-width: 417px) 100vw, 417px\" \/>Reynosa, Tam (30-Diciembre-2025).-<\/strong><\/em> Con un ambiente lleno de esperanza, convivencia y esp\u00edritu navide\u00f1o, el Alcalde, Carlos Pe\u00f1a Ortiz, a trav\u00e9s del Sistema DIF-Reynosa que preside Carlos Luis Pe\u00f1a Garza, llev\u00f3 a cabo las Posadas DIF 2025, logrando una asistencia de m\u00e1s de 17 mil personas, quienes participaron en estas celebraciones organizadas para fortalecer la convivencia familiar durante la temporada decembrina.<\/p>\n<p>A las posadas que se realizaron en 8 colonias: Territorial Campestre, Loma Real, Villa Esmeralda, Ju\u00e1rez, Rinc\u00f3n de las Flores, San Valent\u00edn, Lampacitos y Jarachina Sur, acompa\u00f1aron al Alcalde, la Senadora de la Rep\u00fablica, Maki Esther Ortiz Dom\u00ednguez, el Presidente del Patronato del DIF-Reynosa, Carlos Luis Pe\u00f1a Garza, la Presidenta del Voluntariado, Alejandra Yelitza Garza, la Directora General del DIF, Gabriela Rosas Blanco, as\u00ed como integrantes del Cabildo.<\/p>\n<p>En cada posada ni\u00f1as, ni\u00f1os, adolescentes y adultos en general disfrutaron de actividades recreativas, din\u00e1micas familiares y momentos de sana convivencia, las familias se tomaron la foto con Santa, compartieron el set de fotograf\u00eda navide\u00f1o, loter\u00eda de valores, mientras que los ni\u00f1os y ni\u00f1as participaron en \u00e1rea de dibujo, pinta caritas, peinado loco, decoraci\u00f3n de cupcakes, manualidades navide\u00f1as, brincolines, toro mec\u00e1nico, bungee y trenecito.<\/p>\n<p>Los peque\u00f1os recibieron dulces, snacks, regalos, adem\u00e1s, chicos y grandes participaron en rifas de bicicletas, pavos para la cena navide\u00f1a, balones, bocinas, pi\u00f1atas, pinos y nochebuenas.<\/p>\n<p>Esta temporada decembrina se vivi\u00f3 compartiendo y construyendo sonrisas, reafirmando el compromiso de DIF Municipal, de trabajar por el bienestar de las familias de la ciudad.<\/p>\n<p><img loading=\"lazy\" decoding=\"async\" class=\"aligncenter size-full wp-image-194075\" src=\"https:\/\/www.buroperiodistico.com.mx\/wp-content\/uploads\/2025\/12\/Comax-IIIII.jpeg\" alt=\"\" width=\"640\" height=\"427\" srcset=\"https:\/\/www.buroperiodistico.com.mx\/wp-content\/uploads\/2025\/12\/Comax-IIIII.jpeg 640w, https:\/\/www.buroperiodistico.com.mx\/wp-content\/uploads\/2025\/12\/Comax-IIIII-300x200.jpeg 300w\" sizes=\"auto, (max-width: 640px) 100vw, 640px\" \/> <img loading=\"lazy\" decoding=\"async\" class=\"aligncenter size-full wp-image-194074\" src=\"https:\/\/www.buroperiodistico.com.mx\/wp-content\/uploads\/2025\/12\/Comax-IIII.jpeg\" alt=\"\" width=\"640\" height=\"427\" srcset=\"https:\/\/www.buroperiodistico.com.mx\/wp-content\/uploads\/2025\/12\/Comax-IIII.jpeg 640w, https:\/\/www.buroperiodistico.com.mx\/wp-content\/uploads\/2025\/12\/Comax-IIII-300x200.jpeg 300w\" sizes=\"auto, (max-width: 640px) 100vw, 640px\" \/> <img loading=\"lazy\" decoding=\"async\" class=\"aligncenter size-full wp-image-194073\" src=\"https:\/\/www.buroperiodistico.com.mx\/wp-content\/uploads\/2025\/12\/Comax-III.jpeg\" alt=\"\" width=\"640\" height=\"426\" srcset=\"https:\/\/www.buroperiodistico.com.mx\/wp-content\/uploads\/2025\/12\/Comax-III.jpeg 640w, https:\/\/www.buroperiodistico.com.mx\/wp-content\/uploads\/2025\/12\/Comax-III-300x200.jpeg 300w\" sizes=\"auto, (max-width: 640px) 100vw, 640px\" \/> <img loading=\"lazy\" decoding=\"async\" class=\"aligncenter size-full wp-image-194072\" src=\"https:\/\/www.buroperiodistico.com.mx\/wp-content\/uploads\/2025\/12\/Comax-II.jpeg\" alt=\"\" width=\"640\" height=\"427\" srcset=\"https:\/\/www.buroperiodistico.com.mx\/wp-content\/uploads\/2025\/12\/Comax-II.jpeg 640w, https:\/\/www.buroperiodistico.com.mx\/wp-content\/uploads\/2025\/12\/Comax-II-300x200.jpeg 300w\" sizes=\"auto, (max-width: 640px) 100vw, 640px\" \/> <img loading=\"lazy\" decoding=\"async\" class=\"aligncenter size-full wp-image-194071\" src=\"https:\/\/www.buroperiodistico.com.mx\/wp-content\/uploads\/2025\/12\/Comax-I.jpeg\" alt=\"\" width=\"640\" height=\"427\" srcset=\"https:\/\/www.buroperiodistico.com.mx\/wp-content\/uploads\/2025\/12\/Comax-I.jpeg 640w, https:\/\/www.buroperiodistico.com.mx\/wp-content\/uploads\/2025\/12\/Comax-I-300x200.jpeg 300w\" sizes=\"auto, (max-width: 640px) 100vw, 640px\" \/> <img loading=\"lazy\" decoding=\"async\" class=\"aligncenter size-full wp-image-194076\" src=\"https:\/\/www.buroperiodistico.com.mx\/wp-content\/uploads\/2025\/12\/Comax-IIIIII.jpeg\" alt=\"\" width=\"480\" height=\"607\" srcset=\"https:\/\/www.buroperiodistico.com.mx\/wp-content\/uploads\/2025\/12\/Comax-IIIIII.jpeg 480w, https:\/\/www.buroperiodistico.com.mx\/wp-content\/uploads\/2025\/12\/Comax-IIIIII-237x300.jpeg 237w\" sizes=\"auto, (max-width: 480px) 100vw, 480px\" \/><\/p>\n","protected":false},"excerpt":{"rendered":"<p>Reynosa, Tam (30-Diciembre-2025).- Con un ambiente lleno de esperanza, convivencia y esp\u00edritu navide\u00f1o, el Alcalde,&#8230;<\/p>\n","protected":false},"author":1,"featured_media":194077,"comment_status":"closed","ping_status":"closed","sticky":false,"template":"","format":"standard","meta":{"footnotes":"","jetpack_publicize_message":"","jetpack_publicize_feature_enabled":true,"jetpack_social_post_already_shared":true,"jetpack_social_options":{"image_generator_settings":{"template":"highway","default_image_id":0,"font":"","enabled":false},"version":2}},"categories":[25,9],"tags":[],"class_list":["post-194070","post","type-post","status-publish","format-standard","has-post-thumbnail","hentry","category-portada","category-reynosa"],"jetpack_publicize_connections":[],"_links":{"self":[{"href":"https:\/\/www.buroperiodistico.com.mx\/index.php?rest_route=\/wp\/v2\/posts\/194070","targetHints":{"allow":["GET"]}}],"collection":[{"href":"https:\/\/www.buroperiodistico.com.mx\/index.php?rest_route=\/wp\/v2\/posts"}],"about":[{"href":"https:\/\/www.buroperiodistico.com.mx\/index.php?rest_route=\/wp\/v2\/types\/post"}],"author":[{"embeddable":true,"href":"https:\/\/www.buroperiodistico.com.mx\/index.php?rest_route=\/wp\/v2\/users\/1"}],"replies":[{"embeddable":true,"href":"https:\/\/www.buroperiodistico.com.mx\/index.php?rest_route=%2Fwp%2Fv2%2Fcomments&post=194070"}],"version-history":[{"count":1,"href":"https:\/\/www.buroperiodistico.com.mx\/index.php?rest_route=\/wp\/v2\/posts\/194070\/revisions"}],"predecessor-version":[{"id":194078,"href":"https:\/\/www.buroperiodistico.com.mx\/index.php?rest_route=\/wp\/v2\/posts\/194070\/revisions\/194078"}],"wp:featuredmedia":[{"embeddable":true,"href":"https:\/\/www.buroperiodistico.com.mx\/index.php?rest_route=\/wp\/v2\/media\/194077"}],"wp:attachment":[{"href":"https:\/\/www.buroperiodistico.com.mx\/index.php?rest_route=%2Fwp%2Fv2%2Fmedia&parent=194070"}],"wp:term":[{"taxonomy":"category","embeddable":true,"href":"https:\/\/www.buroperiodistico.com.mx\/index.php?rest_route=%2Fwp%2Fv2%2Fcategories&post=194070"},{"taxonomy":"post_tag","embeddable":true,"href":"https:\/\/www.buroperiodistico.com.mx\/index.php?rest_route=%2Fwp%2Fv2%2Ftags&post=194070"}],"curies":[{"name":"wp","href":"https:\/\/api.w.org\/{rel}","templated":true}]}}