{"id":194067,"date":"2025-12-30T12:33:59","date_gmt":"2025-12-30T18:33:59","guid":{"rendered":"https:\/\/www.buroperiodistico.com.mx\/?p=194067"},"modified":"2025-12-30T12:33:59","modified_gmt":"2025-12-30T18:33:59","slug":"informa-comapa-cierre-de-sucursales-los-dias-31-de-diciembre-y-1-de-enero-por-motivo-de-festividades-de-fin-de-ano","status":"publish","type":"post","link":"https:\/\/www.buroperiodistico.com.mx\/?p=194067","title":{"rendered":"Informa COMAPA cierre de sucursales los d\u00edas 31 de diciembre y 1 de enero por motivo de festividades de fin de a\u00f1o"},"content":{"rendered":"<p><em><strong>Reynosa, Tam (30-Diciembre-2025).-<\/strong><\/em> La Comisi\u00f3n Municipal de Agua Potable y Alcantarillado de Reynosa informa a los usuarios que, con motivo de las festividades de fin de a\u00f1o, las sucursales del organismo permanecer\u00e1n cerradas los d\u00edas mi\u00e9rcoles 31 de diciembre y jueves 1 de enero.<\/p>\n<p>Las actividades se reanudar\u00e1n el viernes 2 de enero en el horario habitual, por lo que se invita a los usuarios a tomar las previsiones necesarias para la realizaci\u00f3n de sus tr\u00e1mites.<\/p>\n<p>La COMAPA de Reynosa agradece la comprensi\u00f3n de la ciudadan\u00eda y reitera su compromiso de seguir trabajando para brindar un mejor servicio a las familias de Reynosa, recordando la importancia de hacer un uso responsable del agua. Asimismo, se informa que la atenci\u00f3n a los usuarios continuar\u00e1 a trav\u00e9s de las redes sociales oficiales del organismo.<\/p>\n<p><img loading=\"lazy\" decoding=\"async\" class=\"aligncenter  wp-image-194068\" src=\"https:\/\/www.buroperiodistico.com.mx\/wp-content\/uploads\/2025\/12\/Compx-12.jpg\" alt=\"\" width=\"953\" height=\"515\" srcset=\"https:\/\/www.buroperiodistico.com.mx\/wp-content\/uploads\/2025\/12\/Compx-12.jpg 1110w, https:\/\/www.buroperiodistico.com.mx\/wp-content\/uploads\/2025\/12\/Compx-12-300x162.jpg 300w, https:\/\/www.buroperiodistico.com.mx\/wp-content\/uploads\/2025\/12\/Compx-12-1024x554.jpg 1024w, https:\/\/www.buroperiodistico.com.mx\/wp-content\/uploads\/2025\/12\/Compx-12-768x415.jpg 768w\" sizes=\"auto, (max-width: 953px) 100vw, 953px\" \/><\/p>\n","protected":false},"excerpt":{"rendered":"<p>Reynosa, Tam (30-Diciembre-2025).- La Comisi\u00f3n Municipal de Agua Potable y Alcantarillado de Reynosa informa a&#8230;<\/p>\n","protected":false},"author":1,"featured_media":194068,"comment_status":"closed","ping_status":"closed","sticky":false,"template":"","format":"standard","meta":{"footnotes":"","jetpack_publicize_message":"","jetpack_publicize_feature_enabled":true,"jetpack_social_post_already_shared":true,"jetpack_social_options":{"image_generator_settings":{"template":"highway","default_image_id":0,"font":"","enabled":false},"version":2}},"categories":[9],"tags":[],"class_list":["post-194067","post","type-post","status-publish","format-standard","has-post-thumbnail","hentry","category-reynosa"],"jetpack_publicize_connections":[],"_links":{"self":[{"href":"https:\/\/www.buroperiodistico.com.mx\/index.php?rest_route=\/wp\/v2\/posts\/194067","targetHints":{"allow":["GET"]}}],"collection":[{"href":"https:\/\/www.buroperiodistico.com.mx\/index.php?rest_route=\/wp\/v2\/posts"}],"about":[{"href":"https:\/\/www.buroperiodistico.com.mx\/index.php?rest_route=\/wp\/v2\/types\/post"}],"author":[{"embeddable":true,"href":"https:\/\/www.buroperiodistico.com.mx\/index.php?rest_route=\/wp\/v2\/users\/1"}],"replies":[{"embeddable":true,"href":"https:\/\/www.buroperiodistico.com.mx\/index.php?rest_route=%2Fwp%2Fv2%2Fcomments&post=194067"}],"version-history":[{"count":1,"href":"https:\/\/www.buroperiodistico.com.mx\/index.php?rest_route=\/wp\/v2\/posts\/194067\/revisions"}],"predecessor-version":[{"id":194069,"href":"https:\/\/www.buroperiodistico.com.mx\/index.php?rest_route=\/wp\/v2\/posts\/194067\/revisions\/194069"}],"wp:featuredmedia":[{"embeddable":true,"href":"https:\/\/www.buroperiodistico.com.mx\/index.php?rest_route=\/wp\/v2\/media\/194068"}],"wp:attachment":[{"href":"https:\/\/www.buroperiodistico.com.mx\/index.php?rest_route=%2Fwp%2Fv2%2Fmedia&parent=194067"}],"wp:term":[{"taxonomy":"category","embeddable":true,"href":"https:\/\/www.buroperiodistico.com.mx\/index.php?rest_route=%2Fwp%2Fv2%2Fcategories&post=194067"},{"taxonomy":"post_tag","embeddable":true,"href":"https:\/\/www.buroperiodistico.com.mx\/index.php?rest_route=%2Fwp%2Fv2%2Ftags&post=194067"}],"curies":[{"name":"wp","href":"https:\/\/api.w.org\/{rel}","templated":true}]}}