{"id":194051,"date":"2025-12-29T20:33:34","date_gmt":"2025-12-30T02:33:34","guid":{"rendered":"https:\/\/www.buroperiodistico.com.mx\/?p=194051"},"modified":"2025-12-29T20:33:34","modified_gmt":"2025-12-30T02:33:34","slug":"este-martes-30-de-diciembre-ultimo-dia-del-ano-para-cumplir-con-el-pago-del-impuesto-predial","status":"publish","type":"post","link":"https:\/\/www.buroperiodistico.com.mx\/?p=194051","title":{"rendered":"Este martes 30 de diciembre, \u00faltimo d\u00eda del a\u00f1o para cumplir con el pago del impuesto predial"},"content":{"rendered":"<p><em><strong><img loading=\"lazy\" decoding=\"async\" class=\" wp-image-194052 alignright\" src=\"https:\/\/www.buroperiodistico.com.mx\/wp-content\/uploads\/2025\/12\/Nldx-5.jpeg\" alt=\"\" width=\"379\" height=\"239\" srcset=\"https:\/\/www.buroperiodistico.com.mx\/wp-content\/uploads\/2025\/12\/Nldx-5.jpeg 1024w, https:\/\/www.buroperiodistico.com.mx\/wp-content\/uploads\/2025\/12\/Nldx-5-300x189.jpeg 300w, https:\/\/www.buroperiodistico.com.mx\/wp-content\/uploads\/2025\/12\/Nldx-5-768x484.jpeg 768w\" sizes=\"auto, (max-width: 379px) 100vw, 379px\" \/>Nuevo Laredo, Tam (29-Diciembre-2025).-<\/strong><\/em> El Gobierno Municipal de Nuevo Laredo informa a la ciudadan\u00eda que este martes 30 de diciembre ser\u00e1 el \u00faltimo d\u00eda del 2026 para realizar el pago del impuesto predial, ya que a partir del mi\u00e9rcoles 31 de diciembre se llevar\u00e1 a cabo la actualizaci\u00f3n de valores catastrales en los sistemas, motivo por el cual las oficinas de recaudaci\u00f3n permanecer\u00e1n cerradas.<\/p>\n<p>Las actividades se reanudar\u00e1n el lunes 5 de enero, fecha a partir de la cual las y los contribuyentes podr\u00e1n aprovechar la condonaci\u00f3n del 100 por ciento en recargos del impuesto predial durante todo el mes de enero de 2026.<\/p>\n<p>De igual forma, el Gobierno Municipal mantendr\u00e1 un descuento del 15 por ciento en pagos anticipados, as\u00ed como un 50 por ciento de descuento para personas adultas mayores y personas con discapacidad en el pago de sus propiedades, con el objetivo de incentivar el cumplimiento oportuno de esta contribuci\u00f3n y fortalecer la cultura de responsabilidad fiscal en Nuevo Laredo.<\/p>\n","protected":false},"excerpt":{"rendered":"<p>Nuevo Laredo, Tam (29-Diciembre-2025).- El Gobierno Municipal de Nuevo Laredo informa a la ciudadan\u00eda que&#8230;<\/p>\n","protected":false},"author":1,"featured_media":194052,"comment_status":"closed","ping_status":"closed","sticky":false,"template":"","format":"standard","meta":{"footnotes":"","jetpack_publicize_message":"","jetpack_publicize_feature_enabled":true,"jetpack_social_post_already_shared":true,"jetpack_social_options":{"image_generator_settings":{"template":"highway","default_image_id":0,"font":"","enabled":false},"version":2}},"categories":[16],"tags":[],"class_list":["post-194051","post","type-post","status-publish","format-standard","has-post-thumbnail","hentry","category-nuevolaredo"],"jetpack_publicize_connections":[],"_links":{"self":[{"href":"https:\/\/www.buroperiodistico.com.mx\/index.php?rest_route=\/wp\/v2\/posts\/194051","targetHints":{"allow":["GET"]}}],"collection":[{"href":"https:\/\/www.buroperiodistico.com.mx\/index.php?rest_route=\/wp\/v2\/posts"}],"about":[{"href":"https:\/\/www.buroperiodistico.com.mx\/index.php?rest_route=\/wp\/v2\/types\/post"}],"author":[{"embeddable":true,"href":"https:\/\/www.buroperiodistico.com.mx\/index.php?rest_route=\/wp\/v2\/users\/1"}],"replies":[{"embeddable":true,"href":"https:\/\/www.buroperiodistico.com.mx\/index.php?rest_route=%2Fwp%2Fv2%2Fcomments&post=194051"}],"version-history":[{"count":1,"href":"https:\/\/www.buroperiodistico.com.mx\/index.php?rest_route=\/wp\/v2\/posts\/194051\/revisions"}],"predecessor-version":[{"id":194053,"href":"https:\/\/www.buroperiodistico.com.mx\/index.php?rest_route=\/wp\/v2\/posts\/194051\/revisions\/194053"}],"wp:featuredmedia":[{"embeddable":true,"href":"https:\/\/www.buroperiodistico.com.mx\/index.php?rest_route=\/wp\/v2\/media\/194052"}],"wp:attachment":[{"href":"https:\/\/www.buroperiodistico.com.mx\/index.php?rest_route=%2Fwp%2Fv2%2Fmedia&parent=194051"}],"wp:term":[{"taxonomy":"category","embeddable":true,"href":"https:\/\/www.buroperiodistico.com.mx\/index.php?rest_route=%2Fwp%2Fv2%2Fcategories&post=194051"},{"taxonomy":"post_tag","embeddable":true,"href":"https:\/\/www.buroperiodistico.com.mx\/index.php?rest_route=%2Fwp%2Fv2%2Ftags&post=194051"}],"curies":[{"name":"wp","href":"https:\/\/api.w.org\/{rel}","templated":true}]}}