{"id":194039,"date":"2025-12-29T19:59:47","date_gmt":"2025-12-30T01:59:47","guid":{"rendered":"https:\/\/www.buroperiodistico.com.mx\/?p=194039"},"modified":"2025-12-29T19:59:47","modified_gmt":"2025-12-30T01:59:47","slug":"deja-apagones-ventarrones-de-frente-frio","status":"publish","type":"post","link":"https:\/\/www.buroperiodistico.com.mx\/?p=194039","title":{"rendered":"DEJA APAGONES VENTARRONES DE FRENTE FRIO\u00a0"},"content":{"rendered":"<div class=\"x_elementToProof\">\n<div class=\"x_elementToProof\" data-olk-copy-source=\"MessageBody\"><em><strong><img loading=\"lazy\" decoding=\"async\" class=\" wp-image-194042 alignright\" src=\"https:\/\/www.buroperiodistico.com.mx\/wp-content\/uploads\/2025\/12\/Apagox.jpg\" alt=\"\" width=\"363\" height=\"204\" srcset=\"https:\/\/www.buroperiodistico.com.mx\/wp-content\/uploads\/2025\/12\/Apagox.jpg 1024w, https:\/\/www.buroperiodistico.com.mx\/wp-content\/uploads\/2025\/12\/Apagox-300x169.jpg 300w, https:\/\/www.buroperiodistico.com.mx\/wp-content\/uploads\/2025\/12\/Apagox-768x432.jpg 768w\" sizes=\"auto, (max-width: 363px) 100vw, 363px\" \/>Por Citlali Blanco<\/strong><\/em><\/div>\n<\/div>\n<div class=\"x_elementToProof\">\n<div class=\"x_elementToProof\"><em><strong>REYNOSA. (Diciembre 29, de 2025).-<\/strong><\/em> La entrada del frente fr\u00edo n\u00famero 25 caus\u00f3 estragos en la poblaci\u00f3n de Reynosa al provocar una serie de apagones que afect\u00f3 diversas colonias de la ciudad, inform\u00f3 Javier Lam Cant\u00fa,\u00a0director\u00a0de Protecci\u00f3n Civil y Bomberos.<\/div>\n<\/div>\n<div class=\"x_elementToProof\">\n<div><\/div>\n<div class=\"x_elementToProof\">\u201cAfortunadamente, el impacto de los fuertes vientos acaecidos en la madrugada (04:00 horas en adelante) no arroj\u00f3 da\u00f1os materiales de consideraci\u00f3n, solo algunos \u00e1rboles ca\u00eddos, sin consecuencias\u201d, dijo.<\/div>\n<\/div>\n<div class=\"x_elementToProof\">\n<div class=\"x_elementToProof\">Lo que si caus\u00f3 fueron fallas en el sistema de sem\u00e1foros, que fueron atendidas de manera inmediata, asegur\u00f3.<\/div>\n<\/div>\n<div class=\"x_elementToProof\">\n<div><\/div>\n<div class=\"x_elementToProof\">\u201cLos da\u00f1os son casos de un poste ca\u00eddo en la colonia Independencia, un \u00e1rbol que se cay\u00f3 y obstruy\u00f3 la vialidad en la (colonia) Ca\u00f1ada\u201d, refiri\u00f3 Lam.<\/div>\n<\/div>\n<div class=\"x_elementToProof\">\n<div><\/div>\n<div class=\"x_elementToProof\">Explic\u00f3 que las instrucciones del alcalde fueron reponer de inmediato el servicio de sem\u00e1foros, principalmente en\u00a0la avenida Morelos, para mantener el tr\u00e1fico ordenado y fluido.<\/div>\n<\/div>\n<div class=\"x_elementToProof\">\n<div><\/div>\n<div class=\"x_elementToProof\">Los reportes ciudadanos en redes sociales sobre fallas en el suministro el\u00e9ctrico ayudaron a movilizar a las patrullas municipales para enfocarse a restablecer el orden en las avenidas principales, detall\u00f3.<\/div>\n<\/div>\n<div class=\"x_elementToProof\">\n<div><\/div>\n<div class=\"x_elementToProof\">Protecci\u00f3n Civil y Servicios Primarios segu\u00edan atentas a cualquier contingencia, dado que el clima seguir\u00eda fr\u00edo y estaban pronosticadas las rachas de vientos.<\/div>\n<\/div>\n<div class=\"x_elementToProof\">\n<div><\/div>\n<div class=\"x_elementToProof\">La temperatura para el martes en Reynosa estaba prevista entre los 8 y 15 grados cent\u00edgrados.<\/div>\n<\/div>\n<div><img loading=\"lazy\" decoding=\"async\" class=\"aligncenter size-full wp-image-194040\" src=\"https:\/\/www.buroperiodistico.com.mx\/wp-content\/uploads\/2025\/12\/Apagox-I.jpg\" alt=\"\" width=\"640\" height=\"360\" srcset=\"https:\/\/www.buroperiodistico.com.mx\/wp-content\/uploads\/2025\/12\/Apagox-I.jpg 640w, https:\/\/www.buroperiodistico.com.mx\/wp-content\/uploads\/2025\/12\/Apagox-I-300x169.jpg 300w\" sizes=\"auto, (max-width: 640px) 100vw, 640px\" \/> <img loading=\"lazy\" decoding=\"async\" class=\"aligncenter size-full wp-image-194041\" src=\"https:\/\/www.buroperiodistico.com.mx\/wp-content\/uploads\/2025\/12\/Apagox-II.jpg\" alt=\"\" width=\"640\" height=\"360\" srcset=\"https:\/\/www.buroperiodistico.com.mx\/wp-content\/uploads\/2025\/12\/Apagox-II.jpg 640w, https:\/\/www.buroperiodistico.com.mx\/wp-content\/uploads\/2025\/12\/Apagox-II-300x169.jpg 300w\" sizes=\"auto, (max-width: 640px) 100vw, 640px\" \/><\/div>\n","protected":false},"excerpt":{"rendered":"<p>Por Citlali Blanco REYNOSA. (Diciembre 29, de 2025).- La entrada del frente fr\u00edo n\u00famero 25&#8230;<\/p>\n","protected":false},"author":1,"featured_media":194042,"comment_status":"closed","ping_status":"closed","sticky":false,"template":"","format":"standard","meta":{"footnotes":"","jetpack_publicize_message":"","jetpack_publicize_feature_enabled":true,"jetpack_social_post_already_shared":true,"jetpack_social_options":{"image_generator_settings":{"template":"highway","default_image_id":0,"font":"","enabled":false},"version":2}},"categories":[25,9],"tags":[],"class_list":["post-194039","post","type-post","status-publish","format-standard","has-post-thumbnail","hentry","category-portada","category-reynosa"],"jetpack_publicize_connections":[],"_links":{"self":[{"href":"https:\/\/www.buroperiodistico.com.mx\/index.php?rest_route=\/wp\/v2\/posts\/194039","targetHints":{"allow":["GET"]}}],"collection":[{"href":"https:\/\/www.buroperiodistico.com.mx\/index.php?rest_route=\/wp\/v2\/posts"}],"about":[{"href":"https:\/\/www.buroperiodistico.com.mx\/index.php?rest_route=\/wp\/v2\/types\/post"}],"author":[{"embeddable":true,"href":"https:\/\/www.buroperiodistico.com.mx\/index.php?rest_route=\/wp\/v2\/users\/1"}],"replies":[{"embeddable":true,"href":"https:\/\/www.buroperiodistico.com.mx\/index.php?rest_route=%2Fwp%2Fv2%2Fcomments&post=194039"}],"version-history":[{"count":1,"href":"https:\/\/www.buroperiodistico.com.mx\/index.php?rest_route=\/wp\/v2\/posts\/194039\/revisions"}],"predecessor-version":[{"id":194043,"href":"https:\/\/www.buroperiodistico.com.mx\/index.php?rest_route=\/wp\/v2\/posts\/194039\/revisions\/194043"}],"wp:featuredmedia":[{"embeddable":true,"href":"https:\/\/www.buroperiodistico.com.mx\/index.php?rest_route=\/wp\/v2\/media\/194042"}],"wp:attachment":[{"href":"https:\/\/www.buroperiodistico.com.mx\/index.php?rest_route=%2Fwp%2Fv2%2Fmedia&parent=194039"}],"wp:term":[{"taxonomy":"category","embeddable":true,"href":"https:\/\/www.buroperiodistico.com.mx\/index.php?rest_route=%2Fwp%2Fv2%2Fcategories&post=194039"},{"taxonomy":"post_tag","embeddable":true,"href":"https:\/\/www.buroperiodistico.com.mx\/index.php?rest_route=%2Fwp%2Fv2%2Ftags&post=194039"}],"curies":[{"name":"wp","href":"https:\/\/api.w.org\/{rel}","templated":true}]}}