{"id":194020,"date":"2025-12-29T19:42:28","date_gmt":"2025-12-30T01:42:28","guid":{"rendered":"https:\/\/www.buroperiodistico.com.mx\/?p=194020"},"modified":"2025-12-29T19:42:28","modified_gmt":"2025-12-30T01:42:28","slug":"transito-estatal-reporta-falla-en-semaforos-y-regula-vialidad-en-ciudad-victoria","status":"publish","type":"post","link":"https:\/\/www.buroperiodistico.com.mx\/?p=194020","title":{"rendered":"Tr\u00e1nsito Estatal reporta falla en sem\u00e1foros y regula vialidad en Ciudad Victoria"},"content":{"rendered":"<ul>\n<li><strong><em>A trav\u00e9s del abanderamiento se previenen accidentes viales.<\/em><\/strong><\/li>\n<\/ul>\n<p><strong><img loading=\"lazy\" decoding=\"async\" class=\" wp-image-194021 alignright\" src=\"https:\/\/www.buroperiodistico.com.mx\/wp-content\/uploads\/2025\/12\/tranxix.jpg\" alt=\"\" width=\"512\" height=\"277\" srcset=\"https:\/\/www.buroperiodistico.com.mx\/wp-content\/uploads\/2025\/12\/tranxix.jpg 1110w, https:\/\/www.buroperiodistico.com.mx\/wp-content\/uploads\/2025\/12\/tranxix-300x162.jpg 300w, https:\/\/www.buroperiodistico.com.mx\/wp-content\/uploads\/2025\/12\/tranxix-1024x554.jpg 1024w, https:\/\/www.buroperiodistico.com.mx\/wp-content\/uploads\/2025\/12\/tranxix-768x415.jpg 768w\" sizes=\"auto, (max-width: 512px) 100vw, 512px\" \/>Ciudad Victoria, Tamaulipas (29-Diciembre-2025).-<\/strong> Debido a una afectaci\u00f3n en los sem\u00e1foros del Libramiento Naciones Unidas con Avenida Jos\u00e9 Sulaim\u00e1n Chagn\u00f3n, personal de la Direcci\u00f3n de Tr\u00e1nsito Estatal en Ciudad Victoria brind\u00f3 abanderamiento para regular la vialidad en este punto de la capital tamaulipeca.<\/p>\n<p>La falla fue originada por falta de energ\u00eda el\u00e9ctrica, por lo que personal de la Comisi\u00f3n Federal de Electricidad (CFE) acudi\u00f3 para realizar la reparaci\u00f3n correspondiente.<\/p>\n<p>Durante el trabajo de reparaci\u00f3n, el personal de Tr\u00e1nsito Estatal brind\u00f3 abanderamiento para prevenir accidentes viales.<\/p>\n<p>Ante las inclemencias climatol\u00f3gicas presentes en diferentes municipios, la Secretar\u00eda de Seguridad P\u00fablica de Tamaulipas (SSPT) reitera el exhorto a conducir con precauci\u00f3n.<\/p>\n","protected":false},"excerpt":{"rendered":"<p>A trav\u00e9s del abanderamiento se previenen accidentes viales. Ciudad Victoria, Tamaulipas (29-Diciembre-2025).- Debido a una&#8230;<\/p>\n","protected":false},"author":1,"featured_media":194021,"comment_status":"closed","ping_status":"closed","sticky":false,"template":"","format":"standard","meta":{"footnotes":"","jetpack_publicize_message":"","jetpack_publicize_feature_enabled":true,"jetpack_social_post_already_shared":true,"jetpack_social_options":{"image_generator_settings":{"template":"highway","default_image_id":0,"font":"","enabled":false},"version":2}},"categories":[10],"tags":[],"class_list":["post-194020","post","type-post","status-publish","format-standard","has-post-thumbnail","hentry","category-tamaulipas"],"jetpack_publicize_connections":[],"_links":{"self":[{"href":"https:\/\/www.buroperiodistico.com.mx\/index.php?rest_route=\/wp\/v2\/posts\/194020","targetHints":{"allow":["GET"]}}],"collection":[{"href":"https:\/\/www.buroperiodistico.com.mx\/index.php?rest_route=\/wp\/v2\/posts"}],"about":[{"href":"https:\/\/www.buroperiodistico.com.mx\/index.php?rest_route=\/wp\/v2\/types\/post"}],"author":[{"embeddable":true,"href":"https:\/\/www.buroperiodistico.com.mx\/index.php?rest_route=\/wp\/v2\/users\/1"}],"replies":[{"embeddable":true,"href":"https:\/\/www.buroperiodistico.com.mx\/index.php?rest_route=%2Fwp%2Fv2%2Fcomments&post=194020"}],"version-history":[{"count":1,"href":"https:\/\/www.buroperiodistico.com.mx\/index.php?rest_route=\/wp\/v2\/posts\/194020\/revisions"}],"predecessor-version":[{"id":194022,"href":"https:\/\/www.buroperiodistico.com.mx\/index.php?rest_route=\/wp\/v2\/posts\/194020\/revisions\/194022"}],"wp:featuredmedia":[{"embeddable":true,"href":"https:\/\/www.buroperiodistico.com.mx\/index.php?rest_route=\/wp\/v2\/media\/194021"}],"wp:attachment":[{"href":"https:\/\/www.buroperiodistico.com.mx\/index.php?rest_route=%2Fwp%2Fv2%2Fmedia&parent=194020"}],"wp:term":[{"taxonomy":"category","embeddable":true,"href":"https:\/\/www.buroperiodistico.com.mx\/index.php?rest_route=%2Fwp%2Fv2%2Fcategories&post=194020"},{"taxonomy":"post_tag","embeddable":true,"href":"https:\/\/www.buroperiodistico.com.mx\/index.php?rest_route=%2Fwp%2Fv2%2Ftags&post=194020"}],"curies":[{"name":"wp","href":"https:\/\/api.w.org\/{rel}","templated":true}]}}