{"id":194006,"date":"2025-12-29T19:36:02","date_gmt":"2025-12-30T01:36:02","guid":{"rendered":"https:\/\/www.buroperiodistico.com.mx\/?p=194006"},"modified":"2025-12-29T19:36:02","modified_gmt":"2025-12-30T01:36:02","slug":"acciona-fgjt-campana-prevencion-de-delitos-ciberneticos","status":"publish","type":"post","link":"https:\/\/www.buroperiodistico.com.mx\/?p=194006","title":{"rendered":"Acciona FGJT campa\u00f1a \u201cPrevenci\u00f3n de Delitos Cibern\u00e9ticos\u201d"},"content":{"rendered":"<p><strong><em><img loading=\"lazy\" decoding=\"async\" class=\" wp-image-194008 alignright\" src=\"https:\/\/www.buroperiodistico.com.mx\/wp-content\/uploads\/2025\/12\/Ciberx.jpeg\" alt=\"\" width=\"438\" height=\"230\" srcset=\"https:\/\/www.buroperiodistico.com.mx\/wp-content\/uploads\/2025\/12\/Ciberx.jpeg 1024w, https:\/\/www.buroperiodistico.com.mx\/wp-content\/uploads\/2025\/12\/Ciberx-300x158.jpeg 300w, https:\/\/www.buroperiodistico.com.mx\/wp-content\/uploads\/2025\/12\/Ciberx-768x404.jpeg 768w\" sizes=\"auto, (max-width: 438px) 100vw, 438px\" \/>Ciudad Victoria, Tamaulipas (29-Diciembre-2025).<\/em><\/strong>&#8211; La Fiscal\u00eda General de Justicia del Estado de Tamaulipas, a trav\u00e9s de la Unidad de Polic\u00eda Cibern\u00e9tica, adscrita a la Comisar\u00eda de An\u00e1lisis e Inteligencia, contin\u00faa con las acciones enmarcadas dentro de la Campa\u00f1a Permanente de Prevenci\u00f3n de Delitos Cibern\u00e9ticos.<\/p>\n<p>Durante la jornada, se impartieron pl\u00e1ticas preventivas dirigidas a estudiantes de 3.\u00ba grado y 2.\u00ba grado de la Escuela Secundaria General \u201cClub Rotario Tamaulipas\u201d en la colonia Vamos Tamaulipas, de esta ciudad. Donde se abordaron temas como sexting, ciberbullying, ciberacoso, retos virales, entre otros, promoviendo el uso seguro y responsable del internet y la denuncia oportuna de conductas de riesgo en entornos digitales, donde se cont\u00f3 con la participaci\u00f3n activa del personal docente y directivo.<\/p>\n<p>Estas actividades se desarrollan en coordinaci\u00f3n con la Secretar\u00eda de Educaci\u00f3n de Tamaulipas, a trav\u00e9s de la Subsecretar\u00eda de Educaci\u00f3n B\u00e1sica, Direcci\u00f3n de Programas Transversales y Equidad de G\u00e9nero, Subdirecci\u00f3n de Programas para una Vida Saludable, y la Coordinaci\u00f3n de Seguridad Escolar y Protecci\u00f3n Civil, fomentando espacios de an\u00e1lisis, reflexi\u00f3n y di\u00e1logo colaborativo en instituciones educativas del Estado.<\/p>\n<p>Con estas acciones, la Fiscal\u00eda General de Justicia del Estado de Tamaulipas refrenda su compromiso con la prevenci\u00f3n del delito, la proximidad social y la construcci\u00f3n de entornos escolares seguros y libres de violencia digital.<\/p>\n<p><img loading=\"lazy\" decoding=\"async\" class=\"aligncenter size-full wp-image-194007\" src=\"https:\/\/www.buroperiodistico.com.mx\/wp-content\/uploads\/2025\/12\/Ciberx-I.jpeg\" alt=\"\" width=\"640\" height=\"480\" srcset=\"https:\/\/www.buroperiodistico.com.mx\/wp-content\/uploads\/2025\/12\/Ciberx-I.jpeg 640w, https:\/\/www.buroperiodistico.com.mx\/wp-content\/uploads\/2025\/12\/Ciberx-I-300x225.jpeg 300w\" sizes=\"auto, (max-width: 640px) 100vw, 640px\" \/><\/p>\n","protected":false},"excerpt":{"rendered":"<p>Ciudad Victoria, Tamaulipas (29-Diciembre-2025).&#8211; La Fiscal\u00eda General de Justicia del Estado de Tamaulipas, a trav\u00e9s&#8230;<\/p>\n","protected":false},"author":1,"featured_media":194008,"comment_status":"closed","ping_status":"closed","sticky":false,"template":"","format":"standard","meta":{"footnotes":"","jetpack_publicize_message":"","jetpack_publicize_feature_enabled":true,"jetpack_social_post_already_shared":true,"jetpack_social_options":{"image_generator_settings":{"template":"highway","default_image_id":0,"font":"","enabled":false},"version":2}},"categories":[17],"tags":[],"class_list":["post-194006","post","type-post","status-publish","format-standard","has-post-thumbnail","hentry","category-ciudadvictoria"],"jetpack_publicize_connections":[],"_links":{"self":[{"href":"https:\/\/www.buroperiodistico.com.mx\/index.php?rest_route=\/wp\/v2\/posts\/194006","targetHints":{"allow":["GET"]}}],"collection":[{"href":"https:\/\/www.buroperiodistico.com.mx\/index.php?rest_route=\/wp\/v2\/posts"}],"about":[{"href":"https:\/\/www.buroperiodistico.com.mx\/index.php?rest_route=\/wp\/v2\/types\/post"}],"author":[{"embeddable":true,"href":"https:\/\/www.buroperiodistico.com.mx\/index.php?rest_route=\/wp\/v2\/users\/1"}],"replies":[{"embeddable":true,"href":"https:\/\/www.buroperiodistico.com.mx\/index.php?rest_route=%2Fwp%2Fv2%2Fcomments&post=194006"}],"version-history":[{"count":1,"href":"https:\/\/www.buroperiodistico.com.mx\/index.php?rest_route=\/wp\/v2\/posts\/194006\/revisions"}],"predecessor-version":[{"id":194009,"href":"https:\/\/www.buroperiodistico.com.mx\/index.php?rest_route=\/wp\/v2\/posts\/194006\/revisions\/194009"}],"wp:featuredmedia":[{"embeddable":true,"href":"https:\/\/www.buroperiodistico.com.mx\/index.php?rest_route=\/wp\/v2\/media\/194008"}],"wp:attachment":[{"href":"https:\/\/www.buroperiodistico.com.mx\/index.php?rest_route=%2Fwp%2Fv2%2Fmedia&parent=194006"}],"wp:term":[{"taxonomy":"category","embeddable":true,"href":"https:\/\/www.buroperiodistico.com.mx\/index.php?rest_route=%2Fwp%2Fv2%2Fcategories&post=194006"},{"taxonomy":"post_tag","embeddable":true,"href":"https:\/\/www.buroperiodistico.com.mx\/index.php?rest_route=%2Fwp%2Fv2%2Ftags&post=194006"}],"curies":[{"name":"wp","href":"https:\/\/api.w.org\/{rel}","templated":true}]}}