{"id":194003,"date":"2025-12-29T19:33:53","date_gmt":"2025-12-30T01:33:53","guid":{"rendered":"https:\/\/www.buroperiodistico.com.mx\/?p=194003"},"modified":"2025-12-29T19:33:53","modified_gmt":"2025-12-30T01:33:53","slug":"feminicida-es-vinculado-a-proceso","status":"publish","type":"post","link":"https:\/\/www.buroperiodistico.com.mx\/?p=194003","title":{"rendered":"Feminicida es vinculado a proceso"},"content":{"rendered":"<p><em><strong>Ciudad Victoria, Tamaulipas (29-Diciembre-2025).-<\/strong><\/em> Un \u00d3rgano Jurisdiccional dict\u00f3 vinculaci\u00f3n a proceso en contra de Domingo \u201cM\u201d por el delito de Feminicidio, sustentando en datos de prueba s\u00f3lidos presentados por el Agente del Ministerio P\u00fablico de la Fiscal\u00eda General de Justicia del Estado de Tamaulipas, adscrito a la Fiscal\u00eda Especializada en la Investigaci\u00f3n del Delito de Feminicidio y Homicidio Doloso de Mujeres.<\/p>\n<p>Los hechos que se le imputan ocurrieron el 14 de enero de 2025, en un domicilio ubicado en el Fraccionamiento Residencial Arbolada, en esta ciudad; donde el imputado presuntamente agredi\u00f3 f\u00edsicamente a la v\u00edctima. Asimismo, la autoridad judicial estableci\u00f3 un plazo de cuatro meses para el cierre de la investigaci\u00f3n complementaria.<\/p>\n<p>La Fiscal\u00eda General de Justicia del Estado de Tamaulipas reitera que los delitos cometidos contra las mujeres ser\u00e1n investigados y sancionados utilizando todos los recursos jur\u00eddicos para combatir la impunidad y garantizar justicia en favor de las v\u00edctimas.<\/p>\n<p><img loading=\"lazy\" decoding=\"async\" class=\"aligncenter size-full wp-image-194004\" src=\"https:\/\/www.buroperiodistico.com.mx\/wp-content\/uploads\/2025\/12\/Viculx.jpg\" alt=\"\" width=\"1110\" height=\"600\" srcset=\"https:\/\/www.buroperiodistico.com.mx\/wp-content\/uploads\/2025\/12\/Viculx.jpg 1110w, https:\/\/www.buroperiodistico.com.mx\/wp-content\/uploads\/2025\/12\/Viculx-300x162.jpg 300w, https:\/\/www.buroperiodistico.com.mx\/wp-content\/uploads\/2025\/12\/Viculx-1024x554.jpg 1024w, https:\/\/www.buroperiodistico.com.mx\/wp-content\/uploads\/2025\/12\/Viculx-768x415.jpg 768w\" sizes=\"auto, (max-width: 1110px) 100vw, 1110px\" \/><\/p>\n","protected":false},"excerpt":{"rendered":"<p>Ciudad Victoria, Tamaulipas (29-Diciembre-2025).- Un \u00d3rgano Jurisdiccional dict\u00f3 vinculaci\u00f3n a proceso en contra de Domingo&#8230;<\/p>\n","protected":false},"author":1,"featured_media":194004,"comment_status":"closed","ping_status":"closed","sticky":false,"template":"","format":"standard","meta":{"footnotes":"","jetpack_publicize_message":"","jetpack_publicize_feature_enabled":true,"jetpack_social_post_already_shared":true,"jetpack_social_options":{"image_generator_settings":{"template":"highway","default_image_id":0,"font":"","enabled":false},"version":2}},"categories":[17],"tags":[],"class_list":["post-194003","post","type-post","status-publish","format-standard","has-post-thumbnail","hentry","category-ciudadvictoria"],"jetpack_publicize_connections":[],"_links":{"self":[{"href":"https:\/\/www.buroperiodistico.com.mx\/index.php?rest_route=\/wp\/v2\/posts\/194003","targetHints":{"allow":["GET"]}}],"collection":[{"href":"https:\/\/www.buroperiodistico.com.mx\/index.php?rest_route=\/wp\/v2\/posts"}],"about":[{"href":"https:\/\/www.buroperiodistico.com.mx\/index.php?rest_route=\/wp\/v2\/types\/post"}],"author":[{"embeddable":true,"href":"https:\/\/www.buroperiodistico.com.mx\/index.php?rest_route=\/wp\/v2\/users\/1"}],"replies":[{"embeddable":true,"href":"https:\/\/www.buroperiodistico.com.mx\/index.php?rest_route=%2Fwp%2Fv2%2Fcomments&post=194003"}],"version-history":[{"count":1,"href":"https:\/\/www.buroperiodistico.com.mx\/index.php?rest_route=\/wp\/v2\/posts\/194003\/revisions"}],"predecessor-version":[{"id":194005,"href":"https:\/\/www.buroperiodistico.com.mx\/index.php?rest_route=\/wp\/v2\/posts\/194003\/revisions\/194005"}],"wp:featuredmedia":[{"embeddable":true,"href":"https:\/\/www.buroperiodistico.com.mx\/index.php?rest_route=\/wp\/v2\/media\/194004"}],"wp:attachment":[{"href":"https:\/\/www.buroperiodistico.com.mx\/index.php?rest_route=%2Fwp%2Fv2%2Fmedia&parent=194003"}],"wp:term":[{"taxonomy":"category","embeddable":true,"href":"https:\/\/www.buroperiodistico.com.mx\/index.php?rest_route=%2Fwp%2Fv2%2Fcategories&post=194003"},{"taxonomy":"post_tag","embeddable":true,"href":"https:\/\/www.buroperiodistico.com.mx\/index.php?rest_route=%2Fwp%2Fv2%2Ftags&post=194003"}],"curies":[{"name":"wp","href":"https:\/\/api.w.org\/{rel}","templated":true}]}}