{"id":193986,"date":"2025-12-29T15:37:25","date_gmt":"2025-12-29T21:37:25","guid":{"rendered":"https:\/\/www.buroperiodistico.com.mx\/?p=193986"},"modified":"2025-12-29T15:37:36","modified_gmt":"2025-12-29T21:37:36","slug":"anuncia-alcaldesa-carmen-lilia-canturosas-tradicional-festival-del-dia-de-reyes-en-el-polyforum-la-fe-habra-shows-y-rifa-de-regalos","status":"publish","type":"post","link":"https:\/\/www.buroperiodistico.com.mx\/?p=193986","title":{"rendered":"ANUNCIA ALCALDESA CARMEN LILIA CANTUROSAS TRADICIONAL FESTIVAL DEL D\u00cdA DE REYES EN EL POLYFORUM LA FE; HABR\u00c1 SHOWS Y RIFA DE REGALOS"},"content":{"rendered":"<p><em><strong><img loading=\"lazy\" decoding=\"async\" class=\" wp-image-193988 alignright\" src=\"https:\/\/www.buroperiodistico.com.mx\/wp-content\/uploads\/2025\/12\/RegALZX.jpeg\" alt=\"\" width=\"446\" height=\"286\" srcset=\"https:\/\/www.buroperiodistico.com.mx\/wp-content\/uploads\/2025\/12\/RegALZX.jpeg 1024w, https:\/\/www.buroperiodistico.com.mx\/wp-content\/uploads\/2025\/12\/RegALZX-300x192.jpeg 300w, https:\/\/www.buroperiodistico.com.mx\/wp-content\/uploads\/2025\/12\/RegALZX-768x492.jpeg 768w\" sizes=\"auto, (max-width: 446px) 100vw, 446px\" \/>Nuevo Laredo, Tam (29-Diciembre-2025).-<\/strong><\/em> Con el objetivo de preservar las tradiciones y fortalecer la convivencia familiar, la alcaldesa Carmen Lilia Canturosas Villarreal anunci\u00f3 los detalles del tradicional Festival del D\u00eda de Reyes Magos, organizado por el Sistema DIF Nuevo Laredo en coordinaci\u00f3n con el Gobierno Municipal.<\/p>\n<p>La presidenta municipal, dio a conocer que el evento se llevar\u00e1 a cabo el martes 6 de enero en el Polyforum La Fe, a partir de las 11:00 de la ma\u00f1ana, con apertura de puertas desde las 10:00 a.m.<\/p>\n<p>Durante el festival, las familias podr\u00e1n disfrutar de una amplia variedad de espect\u00e1culos y actividades pensadas especialmente para ni\u00f1as y ni\u00f1os, entre los que destacan los Shows Tributos a las Guerreras K-Pop, Beto y sus Amigos, Lilo y Stitch, Intensamente, Tralalero Tralala, adem\u00e1s de de payasos y muchas sorpresas m\u00e1s.<\/p>\n<p>Cada ni\u00f1o que asista recibir\u00e1 una bolsita de dulces, una porci\u00f3n de rosca de Reyes, y podr\u00e1 tomarse fotograf\u00edas en un set especial con los Reyes Magos, adem\u00e1s de participar en rifas de regalos preparadas para esta celebraci\u00f3n.<\/p>\n<p>\u201cDesde el DIF y el Gobierno Municipal hemos preparado una gran fiesta para celebrar en familia una fecha tan importante como el D\u00eda de Reyes. Este festival forma parte del trabajo permanente de nuestra administraci\u00f3n para brindar a las familias espacios de recreaci\u00f3n dignos, seguros y llenos de alegr\u00eda\u201d, expres\u00f3 la alcaldesa.<\/p>\n<p>Por su parte, Claudette Canturosas Villarreal, presidenta del Sistema DIF Nuevo Laredo, hizo un llamado a las familias a acudir y participar en este tradicional festejo, recordando la importancia de contar con boleto para el ingreso. Asimismo, invit\u00f3 a la ciudadan\u00eda a acudir un d\u00eda antes por sus boletos para garantizar su acceso al evento.<\/p>\n<p>La entrega de boletos se realizar\u00e1 el lunes 5 de enero, en las instalaciones del Sistema DIF, ubicadas en H\u00e9roe de Nacataz n\u00famero 2244, en el fraccionamiento Ojo Caliente, en un horario de 9:00 de la ma\u00f1ana a 3:00 de la tarde, o hasta agotar existencias. Es importante se\u00f1alar que todos los asistentes, tanto ni\u00f1os como adultos, deber\u00e1n contar con boleto para ingresar.<\/p>\n<p>Con este festival, el Gobierno Municipal y el Sistema DIF refrendan su compromiso de promover la uni\u00f3n familiar y mantener vivas las tradiciones que fortalecen el tejido social de Nuevo Laredo.<\/p>\n<p><img loading=\"lazy\" decoding=\"async\" class=\"aligncenter size-full wp-image-193987\" src=\"https:\/\/www.buroperiodistico.com.mx\/wp-content\/uploads\/2025\/12\/RegALZX-i.jpeg\" alt=\"\" width=\"640\" height=\"427\" srcset=\"https:\/\/www.buroperiodistico.com.mx\/wp-content\/uploads\/2025\/12\/RegALZX-i.jpeg 640w, https:\/\/www.buroperiodistico.com.mx\/wp-content\/uploads\/2025\/12\/RegALZX-i-300x200.jpeg 300w\" sizes=\"auto, (max-width: 640px) 100vw, 640px\" \/><\/p>\n","protected":false},"excerpt":{"rendered":"<p>Nuevo Laredo, Tam (29-Diciembre-2025).- Con el objetivo de preservar las tradiciones y fortalecer la convivencia&#8230;<\/p>\n","protected":false},"author":1,"featured_media":193988,"comment_status":"closed","ping_status":"closed","sticky":false,"template":"","format":"standard","meta":{"footnotes":"","jetpack_publicize_message":"","jetpack_publicize_feature_enabled":true,"jetpack_social_post_already_shared":true,"jetpack_social_options":{"image_generator_settings":{"template":"highway","default_image_id":0,"font":"","enabled":false},"version":2}},"categories":[16,25],"tags":[],"class_list":["post-193986","post","type-post","status-publish","format-standard","has-post-thumbnail","hentry","category-nuevolaredo","category-portada"],"jetpack_publicize_connections":[],"_links":{"self":[{"href":"https:\/\/www.buroperiodistico.com.mx\/index.php?rest_route=\/wp\/v2\/posts\/193986","targetHints":{"allow":["GET"]}}],"collection":[{"href":"https:\/\/www.buroperiodistico.com.mx\/index.php?rest_route=\/wp\/v2\/posts"}],"about":[{"href":"https:\/\/www.buroperiodistico.com.mx\/index.php?rest_route=\/wp\/v2\/types\/post"}],"author":[{"embeddable":true,"href":"https:\/\/www.buroperiodistico.com.mx\/index.php?rest_route=\/wp\/v2\/users\/1"}],"replies":[{"embeddable":true,"href":"https:\/\/www.buroperiodistico.com.mx\/index.php?rest_route=%2Fwp%2Fv2%2Fcomments&post=193986"}],"version-history":[{"count":2,"href":"https:\/\/www.buroperiodistico.com.mx\/index.php?rest_route=\/wp\/v2\/posts\/193986\/revisions"}],"predecessor-version":[{"id":193990,"href":"https:\/\/www.buroperiodistico.com.mx\/index.php?rest_route=\/wp\/v2\/posts\/193986\/revisions\/193990"}],"wp:featuredmedia":[{"embeddable":true,"href":"https:\/\/www.buroperiodistico.com.mx\/index.php?rest_route=\/wp\/v2\/media\/193988"}],"wp:attachment":[{"href":"https:\/\/www.buroperiodistico.com.mx\/index.php?rest_route=%2Fwp%2Fv2%2Fmedia&parent=193986"}],"wp:term":[{"taxonomy":"category","embeddable":true,"href":"https:\/\/www.buroperiodistico.com.mx\/index.php?rest_route=%2Fwp%2Fv2%2Fcategories&post=193986"},{"taxonomy":"post_tag","embeddable":true,"href":"https:\/\/www.buroperiodistico.com.mx\/index.php?rest_route=%2Fwp%2Fv2%2Ftags&post=193986"}],"curies":[{"name":"wp","href":"https:\/\/api.w.org\/{rel}","templated":true}]}}