{"id":193981,"date":"2025-12-29T15:35:36","date_gmt":"2025-12-29T21:35:36","guid":{"rendered":"https:\/\/www.buroperiodistico.com.mx\/?p=193981"},"modified":"2025-12-29T15:35:42","modified_gmt":"2025-12-29T21:35:42","slug":"activa-proteccion-civil-operativo-carrusel-ante-descenso-de-temperatura-2","status":"publish","type":"post","link":"https:\/\/www.buroperiodistico.com.mx\/?p=193981","title":{"rendered":"ACTIVA PROTECCI\u00d3N CIVIL OPERATIVO CARRUSEL ANTE DESCENSO DE TEMPERATURA"},"content":{"rendered":"<p><em><strong><img loading=\"lazy\" decoding=\"async\" class=\" wp-image-193984 alignright\" src=\"https:\/\/www.buroperiodistico.com.mx\/wp-content\/uploads\/2025\/12\/Opex.jpeg\" alt=\"\" width=\"506\" height=\"337\" srcset=\"https:\/\/www.buroperiodistico.com.mx\/wp-content\/uploads\/2025\/12\/Opex.jpeg 1024w, https:\/\/www.buroperiodistico.com.mx\/wp-content\/uploads\/2025\/12\/Opex-300x200.jpeg 300w, https:\/\/www.buroperiodistico.com.mx\/wp-content\/uploads\/2025\/12\/Opex-768x512.jpeg 768w\" sizes=\"auto, (max-width: 506px) 100vw, 506px\" \/>Nuevo Laredo, Tam (29-Diciembre-2025).-<\/strong><\/em>\u00a0Ante el pron\u00f3stico de descenso en la temperatura por el ingreso de un nuevo frente fr\u00edo, la Direcci\u00f3n de Protecci\u00f3n Civil y Bomberos activar\u00e1 el Operativo Carrusel con el objetivo de salvaguardar la integridad de personas en situaci\u00f3n de calle, as\u00ed como de quienes, por motivos laborales u otras circunstancias, permanezcan a la intemperie durante la noche y madrugada.<\/p>\n<p>Humberto Fern\u00e1ndez Diez de Pinos, director de Protecci\u00f3n Civil y Bomberos, inform\u00f3 que el personal operativo se encuentra listo para llevar a cabo este despliegue preventivo, mediante el cual se brinda abrigo, alimentos y bebidas calientes a quienes lo requieran. Se\u00f1al\u00f3 que las personas que as\u00ed lo deseen podr\u00e1n ser trasladadas al albergue municipal, ubicado en el cruce de las calles Madero y Ju\u00e1rez.<\/p>\n<p>El funcionario explic\u00f3 que, como parte del operativo, se realizan recorridos constantes de patrullaje por distintos puntos de la ciudad para detectar a personas en condici\u00f3n vulnerable, y en caso necesario, ofrecerles apoyo o traslado al albergue. Estos recorridos se llevan a cabo en plazas p\u00fablicas, parques, paradas de camiones, hospitales, salidas de maquiladoras y otros sitios previamente identificados.<\/p>\n<p>Protecci\u00f3n Civil inform\u00f3 que para los pr\u00f3ximos d\u00edas se esperan temperaturas m\u00ednimas de entre 6 y 9 grados cent\u00edgrados, por lo que se exhorta a la poblaci\u00f3n a tomar precauciones para protegerse del fr\u00edo, como abrigarse adecuadamente, evitar cambios bruscos de temperatura, no exponerse innecesariamente al aire fr\u00edo y poner especial atenci\u00f3n en ni\u00f1as, ni\u00f1os, adultos mayores y personas con enfermedades cr\u00f3nicas.<\/p>\n<p>Finalmente, la dependencia reiter\u00f3 el llamado a la ciudadan\u00eda para que, en caso de detectar a personas en situaci\u00f3n de riesgo por las bajas temperaturas, se comunique de inmediato a los n\u00fameros de emergencia, a fin de brindar atenci\u00f3n oportuna.<\/p>\n<p><img loading=\"lazy\" decoding=\"async\" class=\"aligncenter size-full wp-image-193982\" src=\"https:\/\/www.buroperiodistico.com.mx\/wp-content\/uploads\/2025\/12\/Opex-I.jpeg\" alt=\"\" width=\"640\" height=\"480\" srcset=\"https:\/\/www.buroperiodistico.com.mx\/wp-content\/uploads\/2025\/12\/Opex-I.jpeg 640w, https:\/\/www.buroperiodistico.com.mx\/wp-content\/uploads\/2025\/12\/Opex-I-300x225.jpeg 300w\" sizes=\"auto, (max-width: 640px) 100vw, 640px\" \/> <img loading=\"lazy\" decoding=\"async\" class=\"aligncenter size-full wp-image-193983\" src=\"https:\/\/www.buroperiodistico.com.mx\/wp-content\/uploads\/2025\/12\/Opex-II.jpeg\" alt=\"\" width=\"480\" height=\"498\" srcset=\"https:\/\/www.buroperiodistico.com.mx\/wp-content\/uploads\/2025\/12\/Opex-II.jpeg 480w, https:\/\/www.buroperiodistico.com.mx\/wp-content\/uploads\/2025\/12\/Opex-II-289x300.jpeg 289w\" sizes=\"auto, (max-width: 480px) 100vw, 480px\" \/><\/p>\n<p>&nbsp;<\/p>\n","protected":false},"excerpt":{"rendered":"<p>Nuevo Laredo, Tam (29-Diciembre-2025).-\u00a0Ante el pron\u00f3stico de descenso en la temperatura por el ingreso de&#8230;<\/p>\n","protected":false},"author":1,"featured_media":193984,"comment_status":"closed","ping_status":"closed","sticky":false,"template":"","format":"standard","meta":{"footnotes":"","jetpack_publicize_message":"","jetpack_publicize_feature_enabled":true,"jetpack_social_post_already_shared":true,"jetpack_social_options":{"image_generator_settings":{"template":"highway","default_image_id":0,"font":"","enabled":false},"version":2}},"categories":[16],"tags":[],"class_list":["post-193981","post","type-post","status-publish","format-standard","has-post-thumbnail","hentry","category-nuevolaredo"],"jetpack_publicize_connections":[],"_links":{"self":[{"href":"https:\/\/www.buroperiodistico.com.mx\/index.php?rest_route=\/wp\/v2\/posts\/193981","targetHints":{"allow":["GET"]}}],"collection":[{"href":"https:\/\/www.buroperiodistico.com.mx\/index.php?rest_route=\/wp\/v2\/posts"}],"about":[{"href":"https:\/\/www.buroperiodistico.com.mx\/index.php?rest_route=\/wp\/v2\/types\/post"}],"author":[{"embeddable":true,"href":"https:\/\/www.buroperiodistico.com.mx\/index.php?rest_route=\/wp\/v2\/users\/1"}],"replies":[{"embeddable":true,"href":"https:\/\/www.buroperiodistico.com.mx\/index.php?rest_route=%2Fwp%2Fv2%2Fcomments&post=193981"}],"version-history":[{"count":1,"href":"https:\/\/www.buroperiodistico.com.mx\/index.php?rest_route=\/wp\/v2\/posts\/193981\/revisions"}],"predecessor-version":[{"id":193985,"href":"https:\/\/www.buroperiodistico.com.mx\/index.php?rest_route=\/wp\/v2\/posts\/193981\/revisions\/193985"}],"wp:featuredmedia":[{"embeddable":true,"href":"https:\/\/www.buroperiodistico.com.mx\/index.php?rest_route=\/wp\/v2\/media\/193984"}],"wp:attachment":[{"href":"https:\/\/www.buroperiodistico.com.mx\/index.php?rest_route=%2Fwp%2Fv2%2Fmedia&parent=193981"}],"wp:term":[{"taxonomy":"category","embeddable":true,"href":"https:\/\/www.buroperiodistico.com.mx\/index.php?rest_route=%2Fwp%2Fv2%2Fcategories&post=193981"},{"taxonomy":"post_tag","embeddable":true,"href":"https:\/\/www.buroperiodistico.com.mx\/index.php?rest_route=%2Fwp%2Fv2%2Ftags&post=193981"}],"curies":[{"name":"wp","href":"https:\/\/api.w.org\/{rel}","templated":true}]}}