{"id":193945,"date":"2025-12-29T14:56:46","date_gmt":"2025-12-29T20:56:46","guid":{"rendered":"https:\/\/www.buroperiodistico.com.mx\/?p=193945"},"modified":"2025-12-29T14:56:46","modified_gmt":"2025-12-29T20:56:46","slug":"pemex-fortalece-la-calidad-seguridad-y-eficiencia-en-los-servicios-de-los-centros-de-desarrollo-infantil-cendi","status":"publish","type":"post","link":"https:\/\/www.buroperiodistico.com.mx\/?p=193945","title":{"rendered":"Pemex fortalece la calidad, seguridad y eficiencia en los servicios de los Centros de Desarrollo Infantil (CENDI)"},"content":{"rendered":"<p class=\"x_MsoNormal\"><em><strong><img loading=\"lazy\" decoding=\"async\" class=\"size-full wp-image-193946 alignright\" src=\"https:\/\/www.buroperiodistico.com.mx\/wp-content\/uploads\/2025\/12\/Pemexz-I.jpeg\" alt=\"\" width=\"480\" height=\"640\" srcset=\"https:\/\/www.buroperiodistico.com.mx\/wp-content\/uploads\/2025\/12\/Pemexz-I.jpeg 480w, https:\/\/www.buroperiodistico.com.mx\/wp-content\/uploads\/2025\/12\/Pemexz-I-225x300.jpeg 225w\" sizes=\"auto, (max-width: 480px) 100vw, 480px\" \/>(29-Diciembre-2025).-<\/strong><\/em> En cumplimiento de la normativa y de lo establecido en el Contrato Colectivo de Trabajo, relativo a la obligaci\u00f3n de proporcionar a los hijos de los trabajadores atenci\u00f3n en los Centros de Desarrollo Infantil (CENDI), Petr\u00f3leos Mexicanos llev\u00f3 a cabo durante 2025 diversas acciones orientadas a fortalecer la calidad, seguridad y eficiencia del servicio que se brinda.<\/p>\n<p class=\"x_MsoNormal\">Petr\u00f3leos Mexicanos informa sobre los principales logros 2025 que durante el \u00faltimo bimestre de 2025 se destinaron m\u00e1s de 23 millones de pesos para la ejecuci\u00f3n de trabajos de mantenimiento en los 20 CENDI. Se realizaron trabajos de mantenimiento preventivo y correctivo a la red hidr\u00e1ulica, plantas de emergencia, sistemas de detecci\u00f3n de humo, estufas, hornos, refrigeradores, sustituci\u00f3n de equipos de aire acondicionado, as\u00ed como al cambio de luminarias, subestaciones el\u00e9ctricas, reposici\u00f3n de cristales en ventanas y trabajos de impermeabilizaci\u00f3n.<\/p>\n<p class=\"x_MsoNormal\">As\u00ed mismo, se imparti\u00f3 capacitaci\u00f3n a 370 trabajadoras y trabajadores en temas relacionados con atenci\u00f3n y cuidado infantil, desarrollo integral, seguridad y fortalecimiento socioemocional, lo que ha contribuido de manera significativa a elevar la calidad de los servicios educativos.<\/p>\n<p class=\"x_MsoNormal\">Se ajust\u00f3 la estructura para que las directoras de los 20 Centros de Desarrollo Infantil tengan el mismo nivel tabular. Esta acci\u00f3n contribuye a asegurar que las responsables de los CENDI cuenten con la experiencia y capacidades necesarias para desempe\u00f1ar adecuadamente su labor, lo cual adem\u00e1s representa un reconocimiento a las funciones, responsabilidades y alcances del puesto.<\/p>\n<p class=\"x_MsoNormal\">En cuanto a las Acciones del Voluntariado, se llevaron a cabo visitas y donaciones de bienes por parte del voluntariado de PEMEX a diversos CENDI.<\/p>\n<p class=\"x_MsoNormal\">Para el 2026 continuar\u00e1 el Programa CENDI Seguro con la integraci\u00f3n de diagn\u00f3sticos individualizado, a fin de identificar necesidades espec\u00edficas de mantenimiento preventivo y correctivo.<\/p>\n<p class=\"x_MsoNormal\">Cabe destacar que como parte de las acciones de inclusi\u00f3n e igualdad, PEMEX implementar\u00e1, a partir del ciclo escolar 2026\u20132027, un programa piloto que permitir\u00e1 la incorporaci\u00f3n, en los 20 Centros Educativos, de hijas e hijos de trabajadores varones, incrementando hasta un m\u00e1ximo del 20% los espacios disponibles por grupo.<\/p>\n<p class=\"x_MsoNormal\">Por \u00faltimo, se implementar\u00e1 el Programa Sociocultural, integrado por diversos eventos, entre los que se contemplan la Feria de Seguridad, el D\u00eda de la Familia, la Feria del Libro, el Croquet\u00f3n, entre otros.<\/p>\n","protected":false},"excerpt":{"rendered":"<p>(29-Diciembre-2025).- En cumplimiento de la normativa y de lo establecido en el Contrato Colectivo de&#8230;<\/p>\n","protected":false},"author":1,"featured_media":193947,"comment_status":"closed","ping_status":"closed","sticky":false,"template":"","format":"standard","meta":{"footnotes":"","jetpack_publicize_message":"","jetpack_publicize_feature_enabled":true,"jetpack_social_post_already_shared":true,"jetpack_social_options":{"image_generator_settings":{"template":"highway","default_image_id":0,"font":"","enabled":false},"version":2}},"categories":[11,25],"tags":[],"class_list":["post-193945","post","type-post","status-publish","format-standard","has-post-thumbnail","hentry","category-nacional","category-portada"],"jetpack_publicize_connections":[],"_links":{"self":[{"href":"https:\/\/www.buroperiodistico.com.mx\/index.php?rest_route=\/wp\/v2\/posts\/193945","targetHints":{"allow":["GET"]}}],"collection":[{"href":"https:\/\/www.buroperiodistico.com.mx\/index.php?rest_route=\/wp\/v2\/posts"}],"about":[{"href":"https:\/\/www.buroperiodistico.com.mx\/index.php?rest_route=\/wp\/v2\/types\/post"}],"author":[{"embeddable":true,"href":"https:\/\/www.buroperiodistico.com.mx\/index.php?rest_route=\/wp\/v2\/users\/1"}],"replies":[{"embeddable":true,"href":"https:\/\/www.buroperiodistico.com.mx\/index.php?rest_route=%2Fwp%2Fv2%2Fcomments&post=193945"}],"version-history":[{"count":1,"href":"https:\/\/www.buroperiodistico.com.mx\/index.php?rest_route=\/wp\/v2\/posts\/193945\/revisions"}],"predecessor-version":[{"id":193948,"href":"https:\/\/www.buroperiodistico.com.mx\/index.php?rest_route=\/wp\/v2\/posts\/193945\/revisions\/193948"}],"wp:featuredmedia":[{"embeddable":true,"href":"https:\/\/www.buroperiodistico.com.mx\/index.php?rest_route=\/wp\/v2\/media\/193947"}],"wp:attachment":[{"href":"https:\/\/www.buroperiodistico.com.mx\/index.php?rest_route=%2Fwp%2Fv2%2Fmedia&parent=193945"}],"wp:term":[{"taxonomy":"category","embeddable":true,"href":"https:\/\/www.buroperiodistico.com.mx\/index.php?rest_route=%2Fwp%2Fv2%2Fcategories&post=193945"},{"taxonomy":"post_tag","embeddable":true,"href":"https:\/\/www.buroperiodistico.com.mx\/index.php?rest_route=%2Fwp%2Fv2%2Ftags&post=193945"}],"curies":[{"name":"wp","href":"https:\/\/api.w.org\/{rel}","templated":true}]}}