{"id":193934,"date":"2025-12-29T14:39:46","date_gmt":"2025-12-29T20:39:46","guid":{"rendered":"https:\/\/www.buroperiodistico.com.mx\/?p=193934"},"modified":"2025-12-29T14:39:46","modified_gmt":"2025-12-29T20:39:46","slug":"infonavit-realizara-ferias-de-promocion-de-viviendas-del-bienestar-en-matamoros","status":"publish","type":"post","link":"https:\/\/www.buroperiodistico.com.mx\/?p=193934","title":{"rendered":"INFONAVIT REALIZAR\u00c1 FERIAS DE PROMOCI\u00d3N DE VIVIENDAS DEL BIENESTAR EN MATAMOROS"},"content":{"rendered":"<ul>\n<li><em><strong>Se llevar\u00e1n a cabo el 29 y 30 diciembre y el 02 y 03 de enero, para que las y los trabajadores conozcan las casas del programa.<\/strong><\/em><\/li>\n<li><em><strong>Las personas tambi\u00e9n podr\u00e1n recibir informaci\u00f3n sobre las caracter\u00edsticas y los requisitos para acceder a una de estas casas.<\/strong><\/em><\/li>\n<\/ul>\n<p><em><strong><img loading=\"lazy\" decoding=\"async\" class=\" wp-image-193935 alignright\" src=\"https:\/\/www.buroperiodistico.com.mx\/wp-content\/uploads\/2025\/12\/Infox-1.jpeg\" alt=\"\" width=\"465\" height=\"305\" srcset=\"https:\/\/www.buroperiodistico.com.mx\/wp-content\/uploads\/2025\/12\/Infox-1.jpeg 1024w, https:\/\/www.buroperiodistico.com.mx\/wp-content\/uploads\/2025\/12\/Infox-1-300x197.jpeg 300w, https:\/\/www.buroperiodistico.com.mx\/wp-content\/uploads\/2025\/12\/Infox-1-768x503.jpeg 768w\" sizes=\"auto, (max-width: 465px) 100vw, 465px\" \/>Tamaulipas (29-Diciembre-2025).-<\/strong><\/em> El INFONAVIT realizar\u00e1 sus Ferias de Promoci\u00f3n de Viviendas del Bienestar en Matamoros, Tamaulipas, para que las y los trabajadores que cotizan en el Instituto puedan conocer las casas de este programa impulsado por la Presidenta Claudia Sheinbaum y recibir orientaci\u00f3n sobre c\u00f3mo adquirir uno de estos inmuebles.<\/p>\n<p>La atenci\u00f3n se brindar\u00e1 el 29 y 30 diciembre, as\u00ed como el viernes 02 de enero de 10:00 a 17:00 horas, y s\u00e1bado 03 de enero, en un horario de 10:00 a 15:00 horas, en el Fraccionamiento Las Alamedas, ubicado en la calle Carlos Ch\u00e1vez #99 en H. Matamoros.<\/p>\n<p>Los \u00fanicos requisitos que deber\u00e1n cumplir las y los derechohabientes que est\u00e9n interesados en est\u00e1s casas y departamentos son:<br \/>\n&#8211; Tener al menos 6 meses de antig\u00fcedad en su trabajo.<br \/>\n&#8211; Ganar entre 1 y 2 salarios m\u00ednimos mensuales.<br \/>\n&#8211; No tener cr\u00e9dito hipotecario vigente con el Instituto.<\/p>\n<p>La asignaci\u00f3n de las viviendas se realizar\u00e1 conforme al orden de registro de las personas derechohabientes interesadas; por eso, es importante que actualicen sus datos personales: tel\u00e9fono, correo electr\u00f3nico y direcci\u00f3n, en Mi Cuenta INFONAVIT (www.micuenta.infonavit.org.mx) o en los Centros de Servicio INFONAVIT; en estos \u00faltimos tambi\u00e9n podr\u00e1n conocer la oferta de vivienda disponible en su localidad.<\/p>\n<p>Como un Instituto de car\u00e1cter social y humanista, el INFONAVIT reafirma su compromiso de ofrecer oportunidades reales a quienes m\u00e1s lo necesitan, asegurando que las y los trabajadores con menores ingresos puedan acceder a una vivienda segura y bien planificada, contribuyendo as\u00ed a la construcci\u00f3n de un futuro con mayor bienestar y justicia social.<\/p>\n","protected":false},"excerpt":{"rendered":"<p>Se llevar\u00e1n a cabo el 29 y 30 diciembre y el 02 y 03 de&#8230;<\/p>\n","protected":false},"author":1,"featured_media":193935,"comment_status":"closed","ping_status":"closed","sticky":false,"template":"","format":"standard","meta":{"footnotes":"","jetpack_publicize_message":"","jetpack_publicize_feature_enabled":true,"jetpack_social_post_already_shared":true,"jetpack_social_options":{"image_generator_settings":{"template":"highway","default_image_id":0,"font":"","enabled":false},"version":2}},"categories":[10],"tags":[],"class_list":["post-193934","post","type-post","status-publish","format-standard","has-post-thumbnail","hentry","category-tamaulipas"],"jetpack_publicize_connections":[],"_links":{"self":[{"href":"https:\/\/www.buroperiodistico.com.mx\/index.php?rest_route=\/wp\/v2\/posts\/193934","targetHints":{"allow":["GET"]}}],"collection":[{"href":"https:\/\/www.buroperiodistico.com.mx\/index.php?rest_route=\/wp\/v2\/posts"}],"about":[{"href":"https:\/\/www.buroperiodistico.com.mx\/index.php?rest_route=\/wp\/v2\/types\/post"}],"author":[{"embeddable":true,"href":"https:\/\/www.buroperiodistico.com.mx\/index.php?rest_route=\/wp\/v2\/users\/1"}],"replies":[{"embeddable":true,"href":"https:\/\/www.buroperiodistico.com.mx\/index.php?rest_route=%2Fwp%2Fv2%2Fcomments&post=193934"}],"version-history":[{"count":1,"href":"https:\/\/www.buroperiodistico.com.mx\/index.php?rest_route=\/wp\/v2\/posts\/193934\/revisions"}],"predecessor-version":[{"id":193936,"href":"https:\/\/www.buroperiodistico.com.mx\/index.php?rest_route=\/wp\/v2\/posts\/193934\/revisions\/193936"}],"wp:featuredmedia":[{"embeddable":true,"href":"https:\/\/www.buroperiodistico.com.mx\/index.php?rest_route=\/wp\/v2\/media\/193935"}],"wp:attachment":[{"href":"https:\/\/www.buroperiodistico.com.mx\/index.php?rest_route=%2Fwp%2Fv2%2Fmedia&parent=193934"}],"wp:term":[{"taxonomy":"category","embeddable":true,"href":"https:\/\/www.buroperiodistico.com.mx\/index.php?rest_route=%2Fwp%2Fv2%2Fcategories&post=193934"},{"taxonomy":"post_tag","embeddable":true,"href":"https:\/\/www.buroperiodistico.com.mx\/index.php?rest_route=%2Fwp%2Fv2%2Ftags&post=193934"}],"curies":[{"name":"wp","href":"https:\/\/api.w.org\/{rel}","templated":true}]}}