{"id":193923,"date":"2025-12-29T14:29:22","date_gmt":"2025-12-29T20:29:22","guid":{"rendered":"https:\/\/www.buroperiodistico.com.mx\/?p=193923"},"modified":"2025-12-29T14:29:22","modified_gmt":"2025-12-29T20:29:22","slug":"cuenta-dif-reynosa-con-atencion-integral-en-guarderia-1","status":"publish","type":"post","link":"https:\/\/www.buroperiodistico.com.mx\/?p=193923","title":{"rendered":"Cuenta DIF-Reynosa con atenci\u00f3n integral en Guarder\u00eda 1"},"content":{"rendered":"<p><em><strong><img loading=\"lazy\" decoding=\"async\" class=\" wp-image-193924 alignright\" src=\"https:\/\/www.buroperiodistico.com.mx\/wp-content\/uploads\/2025\/12\/DIfx-9.jpeg\" alt=\"\" width=\"467\" height=\"302\" srcset=\"https:\/\/www.buroperiodistico.com.mx\/wp-content\/uploads\/2025\/12\/DIfx-9.jpeg 1024w, https:\/\/www.buroperiodistico.com.mx\/wp-content\/uploads\/2025\/12\/DIfx-9-300x194.jpeg 300w, https:\/\/www.buroperiodistico.com.mx\/wp-content\/uploads\/2025\/12\/DIfx-9-768x497.jpeg 768w\" sizes=\"auto, (max-width: 467px) 100vw, 467px\" \/>Reynosa, Tam (29-Diciembre-2025).-<\/strong><\/em> El Sistema DIF-Reynosa que preside Carlos Luis Pe\u00f1a Garza, pone a disposici\u00f3n de las familias la Guarder\u00eda 1, ubicada en calle Pek\u00edn n\u00famero 103, colonia 5 de Diciembre, como un espacio dise\u00f1ado para el cuidado y desarrollo integral de ni\u00f1as y ni\u00f1os, desde los primeros d\u00edas de vida.<\/p>\n<p>Este centro opera de lunes a viernes, en un horario de 7:00 de la ma\u00f1ana a 4:45 de la tarde, ofreciendo atenci\u00f3n para madres y padres trabajadores, contando con servicios asistenciales, pedag\u00f3gicos, m\u00e9dicos y alimentarios, adem\u00e1s de programas de estimulaci\u00f3n temprana.<\/p>\n<p>A trav\u00e9s de este centro, DIF-Reynosa, apoya a las familias, brindando espacios seguros y de calidad que favorecen el bienestar infantil: para mayor informaci\u00f3n, las personas interesadas pueden comunicarse al tel\u00e9fono 8999232796 a partir del 7 de enero.<\/p>\n","protected":false},"excerpt":{"rendered":"<p>Reynosa, Tam (29-Diciembre-2025).- El Sistema DIF-Reynosa que preside Carlos Luis Pe\u00f1a Garza, pone a disposici\u00f3n&#8230;<\/p>\n","protected":false},"author":1,"featured_media":193924,"comment_status":"closed","ping_status":"closed","sticky":false,"template":"","format":"standard","meta":{"footnotes":"","jetpack_publicize_message":"","jetpack_publicize_feature_enabled":true,"jetpack_social_post_already_shared":true,"jetpack_social_options":{"image_generator_settings":{"template":"highway","default_image_id":0,"font":"","enabled":false},"version":2}},"categories":[9],"tags":[],"class_list":["post-193923","post","type-post","status-publish","format-standard","has-post-thumbnail","hentry","category-reynosa"],"jetpack_publicize_connections":[],"_links":{"self":[{"href":"https:\/\/www.buroperiodistico.com.mx\/index.php?rest_route=\/wp\/v2\/posts\/193923","targetHints":{"allow":["GET"]}}],"collection":[{"href":"https:\/\/www.buroperiodistico.com.mx\/index.php?rest_route=\/wp\/v2\/posts"}],"about":[{"href":"https:\/\/www.buroperiodistico.com.mx\/index.php?rest_route=\/wp\/v2\/types\/post"}],"author":[{"embeddable":true,"href":"https:\/\/www.buroperiodistico.com.mx\/index.php?rest_route=\/wp\/v2\/users\/1"}],"replies":[{"embeddable":true,"href":"https:\/\/www.buroperiodistico.com.mx\/index.php?rest_route=%2Fwp%2Fv2%2Fcomments&post=193923"}],"version-history":[{"count":1,"href":"https:\/\/www.buroperiodistico.com.mx\/index.php?rest_route=\/wp\/v2\/posts\/193923\/revisions"}],"predecessor-version":[{"id":193925,"href":"https:\/\/www.buroperiodistico.com.mx\/index.php?rest_route=\/wp\/v2\/posts\/193923\/revisions\/193925"}],"wp:featuredmedia":[{"embeddable":true,"href":"https:\/\/www.buroperiodistico.com.mx\/index.php?rest_route=\/wp\/v2\/media\/193924"}],"wp:attachment":[{"href":"https:\/\/www.buroperiodistico.com.mx\/index.php?rest_route=%2Fwp%2Fv2%2Fmedia&parent=193923"}],"wp:term":[{"taxonomy":"category","embeddable":true,"href":"https:\/\/www.buroperiodistico.com.mx\/index.php?rest_route=%2Fwp%2Fv2%2Fcategories&post=193923"},{"taxonomy":"post_tag","embeddable":true,"href":"https:\/\/www.buroperiodistico.com.mx\/index.php?rest_route=%2Fwp%2Fv2%2Ftags&post=193923"}],"curies":[{"name":"wp","href":"https:\/\/api.w.org\/{rel}","templated":true}]}}