{"id":193870,"date":"2025-12-28T13:09:01","date_gmt":"2025-12-28T19:09:01","guid":{"rendered":"https:\/\/www.buroperiodistico.com.mx\/?p=193870"},"modified":"2025-12-28T13:09:01","modified_gmt":"2025-12-28T19:09:01","slug":"la-magia-te-espera-en-el-viveros-magico","status":"publish","type":"post","link":"https:\/\/www.buroperiodistico.com.mx\/?p=193870","title":{"rendered":"LA MAGIA TE ESPERA EN EL VIVEROS M\u00c1GICO"},"content":{"rendered":"<p><em><strong><img loading=\"lazy\" decoding=\"async\" class=\" wp-image-193873 alignright\" src=\"https:\/\/www.buroperiodistico.com.mx\/wp-content\/uploads\/2025\/12\/Magisx.jpeg\" alt=\"\" width=\"477\" height=\"304\" srcset=\"https:\/\/www.buroperiodistico.com.mx\/wp-content\/uploads\/2025\/12\/Magisx.jpeg 1024w, https:\/\/www.buroperiodistico.com.mx\/wp-content\/uploads\/2025\/12\/Magisx-300x191.jpeg 300w, https:\/\/www.buroperiodistico.com.mx\/wp-content\/uploads\/2025\/12\/Magisx-768x490.jpeg 768w\" sizes=\"auto, (max-width: 477px) 100vw, 477px\" \/>Nuevo Laredo, Tam (28-Diciembre-2025).-<\/strong><\/em> Como una opci\u00f3n de convivencia, alegr\u00eda y recreaci\u00f3n para todas las edades, el Gobierno Municipal de Nuevo Laredo invita a la ciudadan\u00eda a vivir la experiencia de Viveros M\u00e1gico, un espacio creado para compartir momentos especiales en familia.<\/p>\n<p>El Viveros M\u00e1gico cuenta con iluminaci\u00f3n tem\u00e1tica, figuras decorativas, recorridos esc\u00e9nicos, \u00e1reas para fotograf\u00edas y espacios recreativos, ofreciendo un ambiente lleno de color y magia para ni\u00f1as, ni\u00f1os, j\u00f3venes y adultos.<\/p>\n<p>El recorrido puede disfrutarse de 6:00 de la tarde a 10:00 de la noche, la invitaci\u00f3n a asistir y disfrutar de este espacio seguro y familiar.<\/p>\n<p>Adem\u00e1s de ofrecer un entorno visualmente atractivo, Viveros M\u00e1gico fomenta la convivencia comunitaria, impulsa el sano esparcimiento y fortalece los lazos familiares, consolid\u00e1ndose como uno de los espacios m\u00e1s visitados por las familias neolaredenses y for\u00e1neos durante esta temporada.<\/p>\n<p><img loading=\"lazy\" decoding=\"async\" class=\"aligncenter size-full wp-image-193871\" src=\"https:\/\/www.buroperiodistico.com.mx\/wp-content\/uploads\/2025\/12\/Magisx-I.jpeg\" alt=\"\" width=\"640\" height=\"428\" srcset=\"https:\/\/www.buroperiodistico.com.mx\/wp-content\/uploads\/2025\/12\/Magisx-I.jpeg 640w, https:\/\/www.buroperiodistico.com.mx\/wp-content\/uploads\/2025\/12\/Magisx-I-300x201.jpeg 300w\" sizes=\"auto, (max-width: 640px) 100vw, 640px\" \/> <img loading=\"lazy\" decoding=\"async\" class=\"aligncenter size-full wp-image-193872\" src=\"https:\/\/www.buroperiodistico.com.mx\/wp-content\/uploads\/2025\/12\/Magisx-II.jpeg\" alt=\"\" width=\"640\" height=\"480\" srcset=\"https:\/\/www.buroperiodistico.com.mx\/wp-content\/uploads\/2025\/12\/Magisx-II.jpeg 640w, https:\/\/www.buroperiodistico.com.mx\/wp-content\/uploads\/2025\/12\/Magisx-II-300x225.jpeg 300w\" sizes=\"auto, (max-width: 640px) 100vw, 640px\" \/><\/p>\n","protected":false},"excerpt":{"rendered":"<p>Nuevo Laredo, Tam (28-Diciembre-2025).- Como una opci\u00f3n de convivencia, alegr\u00eda y recreaci\u00f3n para todas las&#8230;<\/p>\n","protected":false},"author":1,"featured_media":193873,"comment_status":"closed","ping_status":"closed","sticky":false,"template":"","format":"standard","meta":{"footnotes":"","jetpack_publicize_message":"","jetpack_publicize_feature_enabled":true,"jetpack_social_post_already_shared":true,"jetpack_social_options":{"image_generator_settings":{"template":"highway","default_image_id":0,"font":"","enabled":false},"version":2}},"categories":[16],"tags":[],"class_list":["post-193870","post","type-post","status-publish","format-standard","has-post-thumbnail","hentry","category-nuevolaredo"],"jetpack_publicize_connections":[],"_links":{"self":[{"href":"https:\/\/www.buroperiodistico.com.mx\/index.php?rest_route=\/wp\/v2\/posts\/193870","targetHints":{"allow":["GET"]}}],"collection":[{"href":"https:\/\/www.buroperiodistico.com.mx\/index.php?rest_route=\/wp\/v2\/posts"}],"about":[{"href":"https:\/\/www.buroperiodistico.com.mx\/index.php?rest_route=\/wp\/v2\/types\/post"}],"author":[{"embeddable":true,"href":"https:\/\/www.buroperiodistico.com.mx\/index.php?rest_route=\/wp\/v2\/users\/1"}],"replies":[{"embeddable":true,"href":"https:\/\/www.buroperiodistico.com.mx\/index.php?rest_route=%2Fwp%2Fv2%2Fcomments&post=193870"}],"version-history":[{"count":2,"href":"https:\/\/www.buroperiodistico.com.mx\/index.php?rest_route=\/wp\/v2\/posts\/193870\/revisions"}],"predecessor-version":[{"id":193875,"href":"https:\/\/www.buroperiodistico.com.mx\/index.php?rest_route=\/wp\/v2\/posts\/193870\/revisions\/193875"}],"wp:featuredmedia":[{"embeddable":true,"href":"https:\/\/www.buroperiodistico.com.mx\/index.php?rest_route=\/wp\/v2\/media\/193873"}],"wp:attachment":[{"href":"https:\/\/www.buroperiodistico.com.mx\/index.php?rest_route=%2Fwp%2Fv2%2Fmedia&parent=193870"}],"wp:term":[{"taxonomy":"category","embeddable":true,"href":"https:\/\/www.buroperiodistico.com.mx\/index.php?rest_route=%2Fwp%2Fv2%2Fcategories&post=193870"},{"taxonomy":"post_tag","embeddable":true,"href":"https:\/\/www.buroperiodistico.com.mx\/index.php?rest_route=%2Fwp%2Fv2%2Ftags&post=193870"}],"curies":[{"name":"wp","href":"https:\/\/api.w.org\/{rel}","templated":true}]}}