{"id":193866,"date":"2025-12-28T12:56:00","date_gmt":"2025-12-28T18:56:00","guid":{"rendered":"https:\/\/www.buroperiodistico.com.mx\/?p=193866"},"modified":"2025-12-28T12:56:00","modified_gmt":"2025-12-28T18:56:00","slug":"inicia-hoy-domingo-28-descenso-de-temperaturas-e-incrementa-probabilidad-de-lluvia","status":"publish","type":"post","link":"https:\/\/www.buroperiodistico.com.mx\/?p=193866","title":{"rendered":"Inicia hoy domingo 28 descenso de temperaturas e incrementa probabilidad de lluvia"},"content":{"rendered":"<p><em><strong><img loading=\"lazy\" decoding=\"async\" class=\"size-full wp-image-193867 alignright\" src=\"https:\/\/www.buroperiodistico.com.mx\/wp-content\/uploads\/2025\/12\/Frentex-I.jpg\" alt=\"\" width=\"491\" height=\"480\" srcset=\"https:\/\/www.buroperiodistico.com.mx\/wp-content\/uploads\/2025\/12\/Frentex-I.jpg 491w, https:\/\/www.buroperiodistico.com.mx\/wp-content\/uploads\/2025\/12\/Frentex-I-300x293.jpg 300w\" sizes=\"auto, (max-width: 491px) 100vw, 491px\" \/>Reynosa, Tam (28-Diciembre-2025).-<\/strong><\/em> La Coordinaci\u00f3n de Protecci\u00f3n Civil y Bomberos del Gobierno de Reynosa le da a conocer que, el Frente Fr\u00edo N\u00famero 24, que arrib\u00f3 a esta frontera el d\u00eda s\u00e1bado 27 de diciembre, provocar\u00e1 un descenso en la temperatura hoy domingo 28, 11\u00b0 Cent\u00edgrados y m\u00e1s de 20% de probabilidad de lluvia.<\/p>\n<p>Para el d\u00eda lunes 29 se espera mayor descenso en el term\u00f3metro, hasta los 7\u00b0 Cent\u00edgrados como m\u00ednima y 15\u00b0 Grados Celsius como m\u00e1xima, con 80% de probabilidad de precipitaci\u00f3n pluvial, que para el martes 29 se ausenta, y se mantiene la m\u00ednima de 7\u00b0 Cent\u00edgrados con m\u00e1xima de 14\u00b0.<\/p>\n<p>Protecci\u00f3n Civil estar\u00e1 pendiente de las condiciones del clima que emite el Servicio Meteorol\u00f3gico Nacional y de eventuales llamados de la poblaci\u00f3n por esta causa; se recomienda evitar prender hogueras as\u00ed como introducir brasas o fuego al hogar.<\/p>\n<p>#ReynosaImparable<br \/>\n#GobiernoMunicipalDeReynosa<br \/>\n#Protecci\u00f3nCivilSomosTodos<\/p>\n","protected":false},"excerpt":{"rendered":"<p>Reynosa, Tam (28-Diciembre-2025).- La Coordinaci\u00f3n de Protecci\u00f3n Civil y Bomberos del Gobierno de Reynosa le&#8230;<\/p>\n","protected":false},"author":1,"featured_media":193868,"comment_status":"closed","ping_status":"closed","sticky":false,"template":"","format":"standard","meta":{"footnotes":"","jetpack_publicize_message":"","jetpack_publicize_feature_enabled":true,"jetpack_social_post_already_shared":true,"jetpack_social_options":{"image_generator_settings":{"template":"highway","default_image_id":0,"font":"","enabled":false},"version":2}},"categories":[25,9],"tags":[],"class_list":["post-193866","post","type-post","status-publish","format-standard","has-post-thumbnail","hentry","category-portada","category-reynosa"],"jetpack_publicize_connections":[],"_links":{"self":[{"href":"https:\/\/www.buroperiodistico.com.mx\/index.php?rest_route=\/wp\/v2\/posts\/193866","targetHints":{"allow":["GET"]}}],"collection":[{"href":"https:\/\/www.buroperiodistico.com.mx\/index.php?rest_route=\/wp\/v2\/posts"}],"about":[{"href":"https:\/\/www.buroperiodistico.com.mx\/index.php?rest_route=\/wp\/v2\/types\/post"}],"author":[{"embeddable":true,"href":"https:\/\/www.buroperiodistico.com.mx\/index.php?rest_route=\/wp\/v2\/users\/1"}],"replies":[{"embeddable":true,"href":"https:\/\/www.buroperiodistico.com.mx\/index.php?rest_route=%2Fwp%2Fv2%2Fcomments&post=193866"}],"version-history":[{"count":1,"href":"https:\/\/www.buroperiodistico.com.mx\/index.php?rest_route=\/wp\/v2\/posts\/193866\/revisions"}],"predecessor-version":[{"id":193869,"href":"https:\/\/www.buroperiodistico.com.mx\/index.php?rest_route=\/wp\/v2\/posts\/193866\/revisions\/193869"}],"wp:featuredmedia":[{"embeddable":true,"href":"https:\/\/www.buroperiodistico.com.mx\/index.php?rest_route=\/wp\/v2\/media\/193868"}],"wp:attachment":[{"href":"https:\/\/www.buroperiodistico.com.mx\/index.php?rest_route=%2Fwp%2Fv2%2Fmedia&parent=193866"}],"wp:term":[{"taxonomy":"category","embeddable":true,"href":"https:\/\/www.buroperiodistico.com.mx\/index.php?rest_route=%2Fwp%2Fv2%2Fcategories&post=193866"},{"taxonomy":"post_tag","embeddable":true,"href":"https:\/\/www.buroperiodistico.com.mx\/index.php?rest_route=%2Fwp%2Fv2%2Ftags&post=193866"}],"curies":[{"name":"wp","href":"https:\/\/api.w.org\/{rel}","templated":true}]}}