{"id":193863,"date":"2025-12-28T12:49:23","date_gmt":"2025-12-28T18:49:23","guid":{"rendered":"https:\/\/www.buroperiodistico.com.mx\/?p=193863"},"modified":"2025-12-28T12:49:23","modified_gmt":"2025-12-28T18:49:23","slug":"amplia-dif-reynosa-oportunidades-de-capacitacion-a-traves-de-cedif","status":"publish","type":"post","link":"https:\/\/www.buroperiodistico.com.mx\/?p=193863","title":{"rendered":"Ampl\u00eda DIF-Reynosa oportunidades de capacitaci\u00f3n a trav\u00e9s de CEDIF"},"content":{"rendered":"<p><em><strong>Reynosa, Tam (28-Diciembre-2025).-<\/strong><\/em> El Sistema DIF-Reynosa que preside Carlos Luis Pe\u00f1a Garza, contin\u00faa impulsando el desarrollo social y econ\u00f3mico de las familias mediante los Centros de Desarrollo Integral Familiar, espacios donde se ofrecen talleres de capacitaci\u00f3n orientados al autoempleo, el fortalecimiento de habilidades y la generaci\u00f3n de oportunidades productivas para la comunidad.<\/p>\n<p>A trav\u00e9s de los CEDIF Hidalgo, Jarachina, Voluntad y Trabajo, Las Torres, Campestre e Integraci\u00f3n Familiar, se imparten cursos como barber\u00eda, barber\u00eda avanzada, belleza, u\u00f1as, corte y confecci\u00f3n, corte y confecci\u00f3n avanzado, globoflexia, reposter\u00eda, mesa de postres, manualidades, computaci\u00f3n, cuidados asistenciales, t\u00e9cnico terapeuta, resina ep\u00f3xica y alto peinado, entre otros.<\/p>\n<p>De esta forma, el DIF-Reynosa acerca herramientas de capacitaci\u00f3n accesibles que permitan a los ciudadanos fortalecer su preparaci\u00f3n, mejorar su calidad de vida y contribuir al bienestar de sus familias: para m\u00e1s informaci\u00f3n marcar al tel\u00e9fono 8999254615 a partir del 7 de enero<\/p>\n<p><img loading=\"lazy\" decoding=\"async\" class=\"aligncenter size-full wp-image-193864\" src=\"https:\/\/www.buroperiodistico.com.mx\/wp-content\/uploads\/2025\/12\/Tallerx.jpg\" alt=\"\" width=\"1110\" height=\"600\" srcset=\"https:\/\/www.buroperiodistico.com.mx\/wp-content\/uploads\/2025\/12\/Tallerx.jpg 1110w, https:\/\/www.buroperiodistico.com.mx\/wp-content\/uploads\/2025\/12\/Tallerx-300x162.jpg 300w, https:\/\/www.buroperiodistico.com.mx\/wp-content\/uploads\/2025\/12\/Tallerx-1024x554.jpg 1024w, https:\/\/www.buroperiodistico.com.mx\/wp-content\/uploads\/2025\/12\/Tallerx-768x415.jpg 768w\" sizes=\"auto, (max-width: 1110px) 100vw, 1110px\" \/><\/p>\n","protected":false},"excerpt":{"rendered":"<p>Reynosa, Tam (28-Diciembre-2025).- El Sistema DIF-Reynosa que preside Carlos Luis Pe\u00f1a Garza, contin\u00faa impulsando el&#8230;<\/p>\n","protected":false},"author":1,"featured_media":193864,"comment_status":"closed","ping_status":"closed","sticky":false,"template":"","format":"standard","meta":{"footnotes":"","jetpack_publicize_message":"","jetpack_publicize_feature_enabled":true,"jetpack_social_post_already_shared":true,"jetpack_social_options":{"image_generator_settings":{"template":"highway","default_image_id":0,"font":"","enabled":false},"version":2}},"categories":[9],"tags":[],"class_list":["post-193863","post","type-post","status-publish","format-standard","has-post-thumbnail","hentry","category-reynosa"],"jetpack_publicize_connections":[],"_links":{"self":[{"href":"https:\/\/www.buroperiodistico.com.mx\/index.php?rest_route=\/wp\/v2\/posts\/193863","targetHints":{"allow":["GET"]}}],"collection":[{"href":"https:\/\/www.buroperiodistico.com.mx\/index.php?rest_route=\/wp\/v2\/posts"}],"about":[{"href":"https:\/\/www.buroperiodistico.com.mx\/index.php?rest_route=\/wp\/v2\/types\/post"}],"author":[{"embeddable":true,"href":"https:\/\/www.buroperiodistico.com.mx\/index.php?rest_route=\/wp\/v2\/users\/1"}],"replies":[{"embeddable":true,"href":"https:\/\/www.buroperiodistico.com.mx\/index.php?rest_route=%2Fwp%2Fv2%2Fcomments&post=193863"}],"version-history":[{"count":1,"href":"https:\/\/www.buroperiodistico.com.mx\/index.php?rest_route=\/wp\/v2\/posts\/193863\/revisions"}],"predecessor-version":[{"id":193865,"href":"https:\/\/www.buroperiodistico.com.mx\/index.php?rest_route=\/wp\/v2\/posts\/193863\/revisions\/193865"}],"wp:featuredmedia":[{"embeddable":true,"href":"https:\/\/www.buroperiodistico.com.mx\/index.php?rest_route=\/wp\/v2\/media\/193864"}],"wp:attachment":[{"href":"https:\/\/www.buroperiodistico.com.mx\/index.php?rest_route=%2Fwp%2Fv2%2Fmedia&parent=193863"}],"wp:term":[{"taxonomy":"category","embeddable":true,"href":"https:\/\/www.buroperiodistico.com.mx\/index.php?rest_route=%2Fwp%2Fv2%2Fcategories&post=193863"},{"taxonomy":"post_tag","embeddable":true,"href":"https:\/\/www.buroperiodistico.com.mx\/index.php?rest_route=%2Fwp%2Fv2%2Ftags&post=193863"}],"curies":[{"name":"wp","href":"https:\/\/api.w.org\/{rel}","templated":true}]}}