{"id":193855,"date":"2025-12-27T16:06:06","date_gmt":"2025-12-27T22:06:06","guid":{"rendered":"https:\/\/www.buroperiodistico.com.mx\/?p=193855"},"modified":"2025-12-27T16:06:06","modified_gmt":"2025-12-27T22:06:06","slug":"llama-sspt-a-prevenir-y-denunciar-violencia-familiar-durante-festejos-decembrinos","status":"publish","type":"post","link":"https:\/\/www.buroperiodistico.com.mx\/?p=193855","title":{"rendered":"Llama SSPT a prevenir y denunciar violencia familiar durante festejos decembrinos"},"content":{"rendered":"<ul>\n<li><strong><em>La Delegaci\u00f3n Estatal de Atenci\u00f3n a la Violencia Familiar y de G\u00e9nero se mantiene trabajando durante las festividades.<\/em><\/strong><\/li>\n<\/ul>\n<p><strong><img loading=\"lazy\" decoding=\"async\" class=\" wp-image-193859 alignright\" src=\"https:\/\/www.buroperiodistico.com.mx\/wp-content\/uploads\/2025\/12\/Llmax.jpeg\" alt=\"\" width=\"486\" height=\"307\" srcset=\"https:\/\/www.buroperiodistico.com.mx\/wp-content\/uploads\/2025\/12\/Llmax.jpeg 1024w, https:\/\/www.buroperiodistico.com.mx\/wp-content\/uploads\/2025\/12\/Llmax-300x190.jpeg 300w, https:\/\/www.buroperiodistico.com.mx\/wp-content\/uploads\/2025\/12\/Llmax-768x485.jpeg 768w\" sizes=\"auto, (max-width: 486px) 100vw, 486px\" \/>Ciudad Victoria, Tamaulipas (27-Diciembre-2025).-<\/strong> La Secretar\u00eda de Seguridad P\u00fablica de Tamaulipas (SSPT) a trav\u00e9s de la Delegaci\u00f3n Estatal de Atenci\u00f3n a la Violencia Familiar y de G\u00e9nero refrend\u00f3 el llamado a la poblaci\u00f3n tamaulipeca a celebrar las presentes festividades en ambientes libres de violencia.<\/p>\n<p>En primera instancia, la titular de esta delegaci\u00f3n, Herlinda Molina Estrada, exhort\u00f3 a evitar conductas que pudieran ser generadoras de violencia durante las fiestas, por ejemplo, el abuso en el consumo de alcohol.<\/p>\n<p>En este sentido, coment\u00f3, diariamente se atienden entre 11 y 18 reportes por violencia familiar, de los cuales, la mayor\u00eda se encuentra relacionado con la ingesta excesiva de esta sustancia.<\/p>\n<p>Asimismo, recomend\u00f3 fortalecer el trabajo comunitario para atender estos casos y denunciarlos a trav\u00e9s del 911 o 089 de manera an\u00f3nima, lo cual permite a las autoridades actuar de manera oportuna y efectiva.<\/p>\n<p>Durante estas fiestas, la SSPT se encuentra trabajando en una campa\u00f1a permanente de concientizaci\u00f3n para evitar la compra de juguetes b\u00e9licos que incentiven a la violencia, asimismo, personal de la Guardia Estatal, Guardia Estatal de G\u00e9nero y Tr\u00e1nsito Estatal se encuentran fomentando la sana convivencia a trav\u00e9s de posadas comunitarias.<\/p>\n<p><img loading=\"lazy\" decoding=\"async\" class=\"aligncenter size-full wp-image-193856\" src=\"https:\/\/www.buroperiodistico.com.mx\/wp-content\/uploads\/2025\/12\/Llmax-I.jpeg\" alt=\"\" width=\"640\" height=\"426\" srcset=\"https:\/\/www.buroperiodistico.com.mx\/wp-content\/uploads\/2025\/12\/Llmax-I.jpeg 640w, https:\/\/www.buroperiodistico.com.mx\/wp-content\/uploads\/2025\/12\/Llmax-I-300x200.jpeg 300w\" sizes=\"auto, (max-width: 640px) 100vw, 640px\" \/> <img loading=\"lazy\" decoding=\"async\" class=\"aligncenter size-full wp-image-193858\" src=\"https:\/\/www.buroperiodistico.com.mx\/wp-content\/uploads\/2025\/12\/Llmax-III.jpeg\" alt=\"\" width=\"640\" height=\"463\" srcset=\"https:\/\/www.buroperiodistico.com.mx\/wp-content\/uploads\/2025\/12\/Llmax-III.jpeg 640w, https:\/\/www.buroperiodistico.com.mx\/wp-content\/uploads\/2025\/12\/Llmax-III-300x217.jpeg 300w\" sizes=\"auto, (max-width: 640px) 100vw, 640px\" \/> <img loading=\"lazy\" decoding=\"async\" class=\"aligncenter size-full wp-image-193857\" src=\"https:\/\/www.buroperiodistico.com.mx\/wp-content\/uploads\/2025\/12\/Llmax-II.jpeg\" alt=\"\" width=\"640\" height=\"480\" srcset=\"https:\/\/www.buroperiodistico.com.mx\/wp-content\/uploads\/2025\/12\/Llmax-II.jpeg 640w, https:\/\/www.buroperiodistico.com.mx\/wp-content\/uploads\/2025\/12\/Llmax-II-300x225.jpeg 300w\" sizes=\"auto, (max-width: 640px) 100vw, 640px\" \/><\/p>\n","protected":false},"excerpt":{"rendered":"<p>La Delegaci\u00f3n Estatal de Atenci\u00f3n a la Violencia Familiar y de G\u00e9nero se mantiene trabajando&#8230;<\/p>\n","protected":false},"author":1,"featured_media":193859,"comment_status":"closed","ping_status":"closed","sticky":false,"template":"","format":"standard","meta":{"footnotes":"","jetpack_publicize_message":"","jetpack_publicize_feature_enabled":true,"jetpack_social_post_already_shared":true,"jetpack_social_options":{"image_generator_settings":{"template":"highway","default_image_id":0,"font":"","enabled":false},"version":2}},"categories":[10],"tags":[],"class_list":["post-193855","post","type-post","status-publish","format-standard","has-post-thumbnail","hentry","category-tamaulipas"],"jetpack_publicize_connections":[],"_links":{"self":[{"href":"https:\/\/www.buroperiodistico.com.mx\/index.php?rest_route=\/wp\/v2\/posts\/193855","targetHints":{"allow":["GET"]}}],"collection":[{"href":"https:\/\/www.buroperiodistico.com.mx\/index.php?rest_route=\/wp\/v2\/posts"}],"about":[{"href":"https:\/\/www.buroperiodistico.com.mx\/index.php?rest_route=\/wp\/v2\/types\/post"}],"author":[{"embeddable":true,"href":"https:\/\/www.buroperiodistico.com.mx\/index.php?rest_route=\/wp\/v2\/users\/1"}],"replies":[{"embeddable":true,"href":"https:\/\/www.buroperiodistico.com.mx\/index.php?rest_route=%2Fwp%2Fv2%2Fcomments&post=193855"}],"version-history":[{"count":1,"href":"https:\/\/www.buroperiodistico.com.mx\/index.php?rest_route=\/wp\/v2\/posts\/193855\/revisions"}],"predecessor-version":[{"id":193860,"href":"https:\/\/www.buroperiodistico.com.mx\/index.php?rest_route=\/wp\/v2\/posts\/193855\/revisions\/193860"}],"wp:featuredmedia":[{"embeddable":true,"href":"https:\/\/www.buroperiodistico.com.mx\/index.php?rest_route=\/wp\/v2\/media\/193859"}],"wp:attachment":[{"href":"https:\/\/www.buroperiodistico.com.mx\/index.php?rest_route=%2Fwp%2Fv2%2Fmedia&parent=193855"}],"wp:term":[{"taxonomy":"category","embeddable":true,"href":"https:\/\/www.buroperiodistico.com.mx\/index.php?rest_route=%2Fwp%2Fv2%2Fcategories&post=193855"},{"taxonomy":"post_tag","embeddable":true,"href":"https:\/\/www.buroperiodistico.com.mx\/index.php?rest_route=%2Fwp%2Fv2%2Ftags&post=193855"}],"curies":[{"name":"wp","href":"https:\/\/api.w.org\/{rel}","templated":true}]}}