{"id":193850,"date":"2025-12-27T16:00:13","date_gmt":"2025-12-27T22:00:13","guid":{"rendered":"https:\/\/www.buroperiodistico.com.mx\/?p=193850"},"modified":"2025-12-27T16:00:13","modified_gmt":"2025-12-27T22:00:13","slug":"apoya-a-iluminando-corazones-en-la-carrera-5k-10k-fitness-festival-pequenos-heroes-2026","status":"publish","type":"post","link":"https:\/\/www.buroperiodistico.com.mx\/?p=193850","title":{"rendered":"Apoya a Iluminando Corazones en la Carrera 5K-10K &#038; Fitness Festival Peque\u00f1os H\u00e9roes 2026"},"content":{"rendered":"<p><em><strong>Reynosa, Tam (27-Diciembre-2025).-<\/strong><\/em> Prep\u00e1rate para la Carrera 5K-10K &amp; Fitness Festival Peque\u00f1os H\u00e9roes 2026, que se llevar\u00e1 a cabo en el Polideportivo Reynosa, El domingo 15.de febrero a las 7:00 de la ma\u00f1ana.<\/p>\n<p>Las inscripciones para la Carrera 5K\u201310K tendr\u00e1n un costo de $350.00 e incluye playera, medalla y chip. Las clases de fitness, zumba, nataci\u00f3n, yoga, HIIT y pilates tendr\u00e1n costo de $100.00 por clase.<\/p>\n<p>Convi\u00e9rtete en un superh\u00e9roe y corre por una gran causa, ya que todo lo recaudado en Peque\u00f1os H\u00e9roes 2026, en el Polideportivo Reynosa, ser\u00e1 para apoyar a ni\u00f1as y ni\u00f1os con c\u00e1ncer de la Fundaci\u00f3n Iluminando Corazones A. C.<\/p>\n<p>#ReynosaImparable<br \/>\n#GobiernoMunicipalDeReynosa<\/p>\n<p><img loading=\"lazy\" decoding=\"async\" class=\"aligncenter size-full wp-image-193851\" src=\"https:\/\/www.buroperiodistico.com.mx\/wp-content\/uploads\/2025\/12\/Pequex-3.jpg\" alt=\"\" width=\"1110\" height=\"600\" srcset=\"https:\/\/www.buroperiodistico.com.mx\/wp-content\/uploads\/2025\/12\/Pequex-3.jpg 1110w, https:\/\/www.buroperiodistico.com.mx\/wp-content\/uploads\/2025\/12\/Pequex-3-300x162.jpg 300w, https:\/\/www.buroperiodistico.com.mx\/wp-content\/uploads\/2025\/12\/Pequex-3-1024x554.jpg 1024w, https:\/\/www.buroperiodistico.com.mx\/wp-content\/uploads\/2025\/12\/Pequex-3-768x415.jpg 768w\" sizes=\"auto, (max-width: 1110px) 100vw, 1110px\" \/><\/p>\n","protected":false},"excerpt":{"rendered":"<p>Reynosa, Tam (27-Diciembre-2025).- Prep\u00e1rate para la Carrera 5K-10K &amp; Fitness Festival Peque\u00f1os H\u00e9roes 2026, que&#8230;<\/p>\n","protected":false},"author":1,"featured_media":193851,"comment_status":"closed","ping_status":"closed","sticky":false,"template":"","format":"standard","meta":{"footnotes":"","jetpack_publicize_message":"","jetpack_publicize_feature_enabled":true,"jetpack_social_post_already_shared":true,"jetpack_social_options":{"image_generator_settings":{"template":"highway","default_image_id":0,"font":"","enabled":false},"version":2}},"categories":[9],"tags":[],"class_list":["post-193850","post","type-post","status-publish","format-standard","has-post-thumbnail","hentry","category-reynosa"],"jetpack_publicize_connections":[],"_links":{"self":[{"href":"https:\/\/www.buroperiodistico.com.mx\/index.php?rest_route=\/wp\/v2\/posts\/193850","targetHints":{"allow":["GET"]}}],"collection":[{"href":"https:\/\/www.buroperiodistico.com.mx\/index.php?rest_route=\/wp\/v2\/posts"}],"about":[{"href":"https:\/\/www.buroperiodistico.com.mx\/index.php?rest_route=\/wp\/v2\/types\/post"}],"author":[{"embeddable":true,"href":"https:\/\/www.buroperiodistico.com.mx\/index.php?rest_route=\/wp\/v2\/users\/1"}],"replies":[{"embeddable":true,"href":"https:\/\/www.buroperiodistico.com.mx\/index.php?rest_route=%2Fwp%2Fv2%2Fcomments&post=193850"}],"version-history":[{"count":1,"href":"https:\/\/www.buroperiodistico.com.mx\/index.php?rest_route=\/wp\/v2\/posts\/193850\/revisions"}],"predecessor-version":[{"id":193852,"href":"https:\/\/www.buroperiodistico.com.mx\/index.php?rest_route=\/wp\/v2\/posts\/193850\/revisions\/193852"}],"wp:featuredmedia":[{"embeddable":true,"href":"https:\/\/www.buroperiodistico.com.mx\/index.php?rest_route=\/wp\/v2\/media\/193851"}],"wp:attachment":[{"href":"https:\/\/www.buroperiodistico.com.mx\/index.php?rest_route=%2Fwp%2Fv2%2Fmedia&parent=193850"}],"wp:term":[{"taxonomy":"category","embeddable":true,"href":"https:\/\/www.buroperiodistico.com.mx\/index.php?rest_route=%2Fwp%2Fv2%2Fcategories&post=193850"},{"taxonomy":"post_tag","embeddable":true,"href":"https:\/\/www.buroperiodistico.com.mx\/index.php?rest_route=%2Fwp%2Fv2%2Ftags&post=193850"}],"curies":[{"name":"wp","href":"https:\/\/api.w.org\/{rel}","templated":true}]}}