{"id":193835,"date":"2025-12-27T14:39:28","date_gmt":"2025-12-27T20:39:28","guid":{"rendered":"https:\/\/www.buroperiodistico.com.mx\/?p=193835"},"modified":"2025-12-27T14:39:28","modified_gmt":"2025-12-27T20:39:28","slug":"invita-el-gobierno-de-reynosa-a-inscribirse-en-las-clases-de-taekwondo","status":"publish","type":"post","link":"https:\/\/www.buroperiodistico.com.mx\/?p=193835","title":{"rendered":"Invita el Gobierno de Reynosa a inscribirse en las clases de Taekwondo"},"content":{"rendered":"<p><em><strong><img loading=\"lazy\" decoding=\"async\" class=\" wp-image-193837 alignright\" src=\"https:\/\/www.buroperiodistico.com.mx\/wp-content\/uploads\/2025\/12\/Taekx-1.jpeg\" alt=\"\" width=\"399\" height=\"241\" srcset=\"https:\/\/www.buroperiodistico.com.mx\/wp-content\/uploads\/2025\/12\/Taekx-1.jpeg 1024w, https:\/\/www.buroperiodistico.com.mx\/wp-content\/uploads\/2025\/12\/Taekx-1-300x181.jpeg 300w, https:\/\/www.buroperiodistico.com.mx\/wp-content\/uploads\/2025\/12\/Taekx-1-768x464.jpeg 768w\" sizes=\"auto, (max-width: 399px) 100vw, 399px\" \/>Reynosa, Tam (27-Diciembre-2025).-<\/strong><\/em> El Alcalde Carlos Pe\u00f1a Ortiz, invita a la ciudadan\u00eda a formar parte de las clases de Taekwondo que se imparten en el Polideportivo, disciplina que fomenta la disciplina, el respeto, la condici\u00f3n f\u00edsica y el desarrollo integral de ni\u00f1as, ni\u00f1os, j\u00f3venes y adultos.<\/p>\n<p>El Instituto Municipal del Deporte informa que el inicio de clases ser\u00e1 el pr\u00f3ximo 7 de enero, contando con instructores capacitados y espacios adecuados para la pr\u00e1ctica segura de esta disciplina.<\/p>\n<p>Para mayor informaci\u00f3n e inscripciones, las y los interesados pueden acudir a las instalaciones ubicadas en carretera a Matamoros kil\u00f3metro 2.5, colonia La Escondida, o comunicarse a los tel\u00e9fonos 899 157 5797 y 899 958 9792.<\/p>\n<p>#ReynosaImparable<\/p>\n<p><img loading=\"lazy\" decoding=\"async\" class=\"aligncenter size-full wp-image-193836\" src=\"https:\/\/www.buroperiodistico.com.mx\/wp-content\/uploads\/2025\/12\/Taekx-I-1.jpeg\" alt=\"\" width=\"640\" height=\"426\" srcset=\"https:\/\/www.buroperiodistico.com.mx\/wp-content\/uploads\/2025\/12\/Taekx-I-1.jpeg 640w, https:\/\/www.buroperiodistico.com.mx\/wp-content\/uploads\/2025\/12\/Taekx-I-1-300x200.jpeg 300w\" sizes=\"auto, (max-width: 640px) 100vw, 640px\" \/><\/p>\n","protected":false},"excerpt":{"rendered":"<p>Reynosa, Tam (27-Diciembre-2025).- El Alcalde Carlos Pe\u00f1a Ortiz, invita a la ciudadan\u00eda a formar parte&#8230;<\/p>\n","protected":false},"author":1,"featured_media":193837,"comment_status":"closed","ping_status":"closed","sticky":false,"template":"","format":"standard","meta":{"footnotes":"","jetpack_publicize_message":"","jetpack_publicize_feature_enabled":true,"jetpack_social_post_already_shared":true,"jetpack_social_options":{"image_generator_settings":{"template":"highway","default_image_id":0,"font":"","enabled":false},"version":2}},"categories":[9],"tags":[],"class_list":["post-193835","post","type-post","status-publish","format-standard","has-post-thumbnail","hentry","category-reynosa"],"jetpack_publicize_connections":[],"_links":{"self":[{"href":"https:\/\/www.buroperiodistico.com.mx\/index.php?rest_route=\/wp\/v2\/posts\/193835","targetHints":{"allow":["GET"]}}],"collection":[{"href":"https:\/\/www.buroperiodistico.com.mx\/index.php?rest_route=\/wp\/v2\/posts"}],"about":[{"href":"https:\/\/www.buroperiodistico.com.mx\/index.php?rest_route=\/wp\/v2\/types\/post"}],"author":[{"embeddable":true,"href":"https:\/\/www.buroperiodistico.com.mx\/index.php?rest_route=\/wp\/v2\/users\/1"}],"replies":[{"embeddable":true,"href":"https:\/\/www.buroperiodistico.com.mx\/index.php?rest_route=%2Fwp%2Fv2%2Fcomments&post=193835"}],"version-history":[{"count":1,"href":"https:\/\/www.buroperiodistico.com.mx\/index.php?rest_route=\/wp\/v2\/posts\/193835\/revisions"}],"predecessor-version":[{"id":193838,"href":"https:\/\/www.buroperiodistico.com.mx\/index.php?rest_route=\/wp\/v2\/posts\/193835\/revisions\/193838"}],"wp:featuredmedia":[{"embeddable":true,"href":"https:\/\/www.buroperiodistico.com.mx\/index.php?rest_route=\/wp\/v2\/media\/193837"}],"wp:attachment":[{"href":"https:\/\/www.buroperiodistico.com.mx\/index.php?rest_route=%2Fwp%2Fv2%2Fmedia&parent=193835"}],"wp:term":[{"taxonomy":"category","embeddable":true,"href":"https:\/\/www.buroperiodistico.com.mx\/index.php?rest_route=%2Fwp%2Fv2%2Fcategories&post=193835"},{"taxonomy":"post_tag","embeddable":true,"href":"https:\/\/www.buroperiodistico.com.mx\/index.php?rest_route=%2Fwp%2Fv2%2Ftags&post=193835"}],"curies":[{"name":"wp","href":"https:\/\/api.w.org\/{rel}","templated":true}]}}