{"id":193815,"date":"2025-12-27T12:35:59","date_gmt":"2025-12-27T18:35:59","guid":{"rendered":"https:\/\/www.buroperiodistico.com.mx\/?p=193815"},"modified":"2025-12-27T12:35:59","modified_gmt":"2025-12-27T18:35:59","slug":"ofrece-dif-reynosa-espacios-de-cuidado-y-desarrollo-infantil-en-distintos-sectores-de-la-ciudad","status":"publish","type":"post","link":"https:\/\/www.buroperiodistico.com.mx\/?p=193815","title":{"rendered":"Ofrece DIF-Reynosa espacios de cuidado y desarrollo infantil en distintos sectores de la ciudad"},"content":{"rendered":"<p><em><strong><img loading=\"lazy\" decoding=\"async\" class=\" wp-image-193816 alignright\" src=\"https:\/\/www.buroperiodistico.com.mx\/wp-content\/uploads\/2025\/12\/DIfx-8.jpeg\" alt=\"\" width=\"499\" height=\"309\" srcset=\"https:\/\/www.buroperiodistico.com.mx\/wp-content\/uploads\/2025\/12\/DIfx-8.jpeg 1024w, https:\/\/www.buroperiodistico.com.mx\/wp-content\/uploads\/2025\/12\/DIfx-8-300x186.jpeg 300w, https:\/\/www.buroperiodistico.com.mx\/wp-content\/uploads\/2025\/12\/DIfx-8-768x476.jpeg 768w\" sizes=\"auto, (max-width: 499px) 100vw, 499px\" \/>Reynosa, Tam (27-Diciembre-2025).-<\/strong><\/em> El Sistema DIF-Reynosa que preside Carlos Luis Pe\u00f1a Garza, pone a disposici\u00f3n de las familias el servicio de guarder\u00edas orientado al cuidado, atenci\u00f3n y formaci\u00f3n temprana de ni\u00f1as y ni\u00f1os, con el objetivo de apoyar a madres y padres de familia y contribuir al desarrollo integral de la ni\u00f1ez.<\/p>\n<p>Las guarder\u00edas se encuentran estrat\u00e9gicamente ubicadas en diferentes colonias de Reynosa: Guarder\u00eda 1 en la colonia 5 de Diciembre, Guarder\u00eda 2 en Voluntad y Trabajo, Guarder\u00eda 3 en Jarachina Sur, Guarder\u00eda 4 en Villas de la Joya y Guarder\u00eda 5 en colonia Paseo Residencial, facilitando el acceso a este servicio.<\/p>\n<p>A trav\u00e9s de estos espacios, el DIF-Reynosa brinda atenci\u00f3n integral que incluye actividades educativas, recreativas y de cuidado diario, por lo que invita a las madres y padres de familia a informarse e inscribir a sus hijas e hijos, aprovechando estos servicios dise\u00f1ados para fortalecer el bienestar infantil.<\/p>\n","protected":false},"excerpt":{"rendered":"<p>Reynosa, Tam (27-Diciembre-2025).- El Sistema DIF-Reynosa que preside Carlos Luis Pe\u00f1a Garza, pone a disposici\u00f3n&#8230;<\/p>\n","protected":false},"author":1,"featured_media":193816,"comment_status":"closed","ping_status":"closed","sticky":false,"template":"","format":"standard","meta":{"footnotes":"","jetpack_publicize_message":"","jetpack_publicize_feature_enabled":true,"jetpack_social_post_already_shared":true,"jetpack_social_options":{"image_generator_settings":{"template":"highway","default_image_id":0,"font":"","enabled":false},"version":2}},"categories":[9],"tags":[],"class_list":["post-193815","post","type-post","status-publish","format-standard","has-post-thumbnail","hentry","category-reynosa"],"jetpack_publicize_connections":[],"_links":{"self":[{"href":"https:\/\/www.buroperiodistico.com.mx\/index.php?rest_route=\/wp\/v2\/posts\/193815","targetHints":{"allow":["GET"]}}],"collection":[{"href":"https:\/\/www.buroperiodistico.com.mx\/index.php?rest_route=\/wp\/v2\/posts"}],"about":[{"href":"https:\/\/www.buroperiodistico.com.mx\/index.php?rest_route=\/wp\/v2\/types\/post"}],"author":[{"embeddable":true,"href":"https:\/\/www.buroperiodistico.com.mx\/index.php?rest_route=\/wp\/v2\/users\/1"}],"replies":[{"embeddable":true,"href":"https:\/\/www.buroperiodistico.com.mx\/index.php?rest_route=%2Fwp%2Fv2%2Fcomments&post=193815"}],"version-history":[{"count":1,"href":"https:\/\/www.buroperiodistico.com.mx\/index.php?rest_route=\/wp\/v2\/posts\/193815\/revisions"}],"predecessor-version":[{"id":193817,"href":"https:\/\/www.buroperiodistico.com.mx\/index.php?rest_route=\/wp\/v2\/posts\/193815\/revisions\/193817"}],"wp:featuredmedia":[{"embeddable":true,"href":"https:\/\/www.buroperiodistico.com.mx\/index.php?rest_route=\/wp\/v2\/media\/193816"}],"wp:attachment":[{"href":"https:\/\/www.buroperiodistico.com.mx\/index.php?rest_route=%2Fwp%2Fv2%2Fmedia&parent=193815"}],"wp:term":[{"taxonomy":"category","embeddable":true,"href":"https:\/\/www.buroperiodistico.com.mx\/index.php?rest_route=%2Fwp%2Fv2%2Fcategories&post=193815"},{"taxonomy":"post_tag","embeddable":true,"href":"https:\/\/www.buroperiodistico.com.mx\/index.php?rest_route=%2Fwp%2Fv2%2Ftags&post=193815"}],"curies":[{"name":"wp","href":"https:\/\/api.w.org\/{rel}","templated":true}]}}