{"id":193794,"date":"2025-12-26T15:18:22","date_gmt":"2025-12-26T21:18:22","guid":{"rendered":"https:\/\/www.buroperiodistico.com.mx\/?p=193794"},"modified":"2025-12-26T15:18:22","modified_gmt":"2025-12-26T21:18:22","slug":"v-i-s-i-o-n-e-s-por-jaime-aguirre-7","status":"publish","type":"post","link":"https:\/\/www.buroperiodistico.com.mx\/?p=193794","title":{"rendered":"V I S I O N E S\/ Por\u00a0Jaime Aguirre"},"content":{"rendered":"<p style=\"text-align: center;\"><strong>Opciones Para El 2027:<\/strong><\/p>\n<ul>\n<li><strong><em>PRI: Benito Saenz, Terminando la Obra: Enterrar a \u00e9ste Partido<\/em><\/strong><\/li>\n<li><strong><em>PAN: Luis Cant\u00fa \u00abLamebotas\u00bb del \u00abCabez\u00f3n\u00bb, Quien Casi Extermino El Panismo En Tamaulipas<\/em><\/strong><\/li>\n<li><strong><em>*MC: Juan Carlos Zertuche, El Yo, Yo, Yo, Yo, Yo, Yo, Yo, Yo, Yo, Yo, Yo, Yo, Yo, Yo, Yo y Yo *<\/em><\/strong><\/li>\n<\/ul>\n<p><img loading=\"lazy\" decoding=\"async\" class=\" wp-image-169220 alignright\" src=\"https:\/\/www.buroperiodistico.com.mx\/wp-content\/uploads\/2025\/07\/Jaime-Aguirre.jpg\" alt=\"\" width=\"472\" height=\"255\" srcset=\"https:\/\/www.buroperiodistico.com.mx\/wp-content\/uploads\/2025\/07\/Jaime-Aguirre.jpg 1110w, https:\/\/www.buroperiodistico.com.mx\/wp-content\/uploads\/2025\/07\/Jaime-Aguirre-300x162.jpg 300w, https:\/\/www.buroperiodistico.com.mx\/wp-content\/uploads\/2025\/07\/Jaime-Aguirre-1024x554.jpg 1024w, https:\/\/www.buroperiodistico.com.mx\/wp-content\/uploads\/2025\/07\/Jaime-Aguirre-768x415.jpg 768w\" sizes=\"auto, (max-width: 472px) 100vw, 472px\" \/>Reynosa Tamaulipas. &#8211; Triste el panorama para estos Partidos en \u00e9l pr\u00f3ximo proceso electoral (2027), en el que estar\u00e1n en juego, alcald\u00edas, diputaciones (federales y locales), y no s\u00e9 ve, ni s\u00e9 nota que sus dirigentes est\u00e9n haciendo algo para rescatarlos.<\/p>\n<p>Benito Saenz, dirigente del PRI en Reynosa, parece haberse conformado con ostentar una regidur\u00eda en la actual administraci\u00f3n y dejar que Alito Moreno su dirigente nacional, s\u00e9 encargue de dar la estocada final al otrora \u00abPartido Aplanadora \u00ab. Quienes ya &#8216;Mamar\u00f3n&#8217; de este, Ni Sus Luces.<\/p>\n<p>Luis Cachorro Cant\u00fa, Dirigente estatal de Acci\u00f3n Nacional poco o nada puede hacer para volver a posicionar a \u00e9ste Instituto, bueno sino puede en Reynosa, mucho menos a nivel estatal y es que \u00e9l &#8216;cachorro&#8217; no es m\u00e1s que un esbirro del Cabez\u00f3n, quien puso de rodillas al PAN en Tamaulipas. De risa un espectacular de \u00e9ste Partido buscando candidatos \ud83d\ude02<\/p>\n<p>Juan Carlos Zertuche, dirigente local, estatal, local&#8230;etc&#8230; Yo, yo, yo&#8230;\ud83e\udd23 interminables yoes de este, para seguir recibiendo prerrogativas, porque trabajo para consolidar a \u00e9ste Partido: ninguno; m\u00e1s parece empleado municipal que diputado local; participa en todos los eventos de Carlos Pe\u00f1a Ortiz, pero gestiones&#8230;ninguna.<\/p>\n<p>As\u00ed la situaci\u00f3n pol\u00edtica hasta estos momentos donde parece ser que nuevamente \u00e9l agarre es en MORENA, donde \u00abREYNOSA\u00bb ha sido la perjudicada, ya que los confrontamientos de los distintos grupos de poder (estado, versus, municipio), ha repercutido en la poca o nula inversi\u00f3n a \u00e9sta ciudad, una ciudad que requiere grandes obras de infraestructura carretera, saneamiento de la Laguna, mejoramiento de vialidades, etc. As\u00ed las cosas.<\/p>\n<p><img loading=\"lazy\" decoding=\"async\" class=\"aligncenter size-full wp-image-193795\" src=\"https:\/\/www.buroperiodistico.com.mx\/wp-content\/uploads\/2025\/12\/Benitxo.jpeg\" alt=\"\" width=\"480\" height=\"640\" srcset=\"https:\/\/www.buroperiodistico.com.mx\/wp-content\/uploads\/2025\/12\/Benitxo.jpeg 480w, https:\/\/www.buroperiodistico.com.mx\/wp-content\/uploads\/2025\/12\/Benitxo-225x300.jpeg 225w\" sizes=\"auto, (max-width: 480px) 100vw, 480px\" \/><\/p>\n","protected":false},"excerpt":{"rendered":"<p>Opciones Para El 2027: PRI: Benito Saenz, Terminando la Obra: Enterrar a \u00e9ste Partido PAN:&#8230;<\/p>\n","protected":false},"author":1,"featured_media":169220,"comment_status":"closed","ping_status":"closed","sticky":false,"template":"","format":"standard","meta":{"footnotes":"","jetpack_publicize_message":"","jetpack_publicize_feature_enabled":true,"jetpack_social_post_already_shared":true,"jetpack_social_options":{"image_generator_settings":{"template":"highway","default_image_id":0,"font":"","enabled":false},"version":2}},"categories":[23],"tags":[],"class_list":["post-193794","post","type-post","status-publish","format-standard","has-post-thumbnail","hentry","category-columnas"],"jetpack_publicize_connections":[],"_links":{"self":[{"href":"https:\/\/www.buroperiodistico.com.mx\/index.php?rest_route=\/wp\/v2\/posts\/193794","targetHints":{"allow":["GET"]}}],"collection":[{"href":"https:\/\/www.buroperiodistico.com.mx\/index.php?rest_route=\/wp\/v2\/posts"}],"about":[{"href":"https:\/\/www.buroperiodistico.com.mx\/index.php?rest_route=\/wp\/v2\/types\/post"}],"author":[{"embeddable":true,"href":"https:\/\/www.buroperiodistico.com.mx\/index.php?rest_route=\/wp\/v2\/users\/1"}],"replies":[{"embeddable":true,"href":"https:\/\/www.buroperiodistico.com.mx\/index.php?rest_route=%2Fwp%2Fv2%2Fcomments&post=193794"}],"version-history":[{"count":1,"href":"https:\/\/www.buroperiodistico.com.mx\/index.php?rest_route=\/wp\/v2\/posts\/193794\/revisions"}],"predecessor-version":[{"id":193796,"href":"https:\/\/www.buroperiodistico.com.mx\/index.php?rest_route=\/wp\/v2\/posts\/193794\/revisions\/193796"}],"wp:featuredmedia":[{"embeddable":true,"href":"https:\/\/www.buroperiodistico.com.mx\/index.php?rest_route=\/wp\/v2\/media\/169220"}],"wp:attachment":[{"href":"https:\/\/www.buroperiodistico.com.mx\/index.php?rest_route=%2Fwp%2Fv2%2Fmedia&parent=193794"}],"wp:term":[{"taxonomy":"category","embeddable":true,"href":"https:\/\/www.buroperiodistico.com.mx\/index.php?rest_route=%2Fwp%2Fv2%2Fcategories&post=193794"},{"taxonomy":"post_tag","embeddable":true,"href":"https:\/\/www.buroperiodistico.com.mx\/index.php?rest_route=%2Fwp%2Fv2%2Ftags&post=193794"}],"curies":[{"name":"wp","href":"https:\/\/api.w.org\/{rel}","templated":true}]}}