{"id":193789,"date":"2025-12-26T15:16:59","date_gmt":"2025-12-26T21:16:59","guid":{"rendered":"https:\/\/www.buroperiodistico.com.mx\/?p=193789"},"modified":"2025-12-26T15:16:59","modified_gmt":"2025-12-26T21:16:59","slug":"gobierno-municipal-culmina-campana-de-reforestacion-2025-con-mas-de-3-mil-arboles-plantados","status":"publish","type":"post","link":"https:\/\/www.buroperiodistico.com.mx\/?p=193789","title":{"rendered":"GOBIERNO MUNICIPAL CULMINA CAMPA\u00d1A DE REFORESTACI\u00d3N \u00a02025 CON M\u00c1S DE 3 MIL \u00c1RBOLES PLANTADOS"},"content":{"rendered":"<p><em><strong><img loading=\"lazy\" decoding=\"async\" class=\" wp-image-193792 alignright\" src=\"https:\/\/www.buroperiodistico.com.mx\/wp-content\/uploads\/2025\/12\/Carmenx-1.jpeg\" alt=\"\" width=\"490\" height=\"318\" srcset=\"https:\/\/www.buroperiodistico.com.mx\/wp-content\/uploads\/2025\/12\/Carmenx-1.jpeg 1024w, https:\/\/www.buroperiodistico.com.mx\/wp-content\/uploads\/2025\/12\/Carmenx-1-300x195.jpeg 300w, https:\/\/www.buroperiodistico.com.mx\/wp-content\/uploads\/2025\/12\/Carmenx-1-768x498.jpeg 768w\" sizes=\"auto, (max-width: 490px) 100vw, 490px\" \/>Nuevo Laredo, Tam (26-Diciembre-2025).-<\/strong><\/em> La Coordinaci\u00f3n de Gesti\u00f3n Ambiental de Nuevo Laredo concluy\u00f3 de manera exitosa la campa\u00f1a de reforestaci\u00f3n 2025, reafirmando su compromiso con el cuidado del medio ambiente y el desarrollo sostenible de la ciudad.<\/p>\n<p>Durante esta estrategia ambiental se logr\u00f3 la plantaci\u00f3n de 3 mil 103 \u00e1rboles en distintos puntos del municipio, fortaleciendo las \u00e1reas verdes y mejorando la calidad de vida de la poblaci\u00f3n.<\/p>\n<p>La presidenta municipal \u00a0Carmen Lilia Canturosas Villarreal, destac\u00f3 el arduo trabajo realizado por el personal municipal y subray\u00f3 que seguir\u00e1 impulsando acciones concretas para la protecci\u00f3n del entorno natural.<\/p>\n<p>Se\u00f1al\u00f3 que esta campa\u00f1a refleja el compromiso permanente de la administraci\u00f3n municipal con un Nuevo Laredo m\u00e1s verde y sustentable.<\/p>\n<p>\u201cEsta campa\u00f1a de reforestaci\u00f3n es resultado del trabajo coordinado de un gobierno comprometido con el medio ambiente y con el bienestar de la ciudadan\u00eda. Gracias al respaldo de la presidenta municipal Carmen Lilia Canturosas, hoy Nuevo Laredo cuenta con m\u00e1s \u00e1reas verdes que contribuyen a mitigar el calor, mejorar la calidad del aire y generar espacios m\u00e1s dignos para las familias\u201d, dijo Canturosas Villarreal.<\/p>\n<p>Las labores de reforestaci\u00f3n se llevaron a cabo en parques p\u00fablicos, escuelas, camellones y zonas rescatadas, donde se plantaron principalmente especies como encino verde, fresno com\u00fan, \u00e1rboles de lila, mezquite y anacahuita, seleccionadas por su adaptabilidad y beneficios ecol\u00f3gicos.<\/p>\n<p>Entre los principales beneficios de esta campa\u00f1a destacan el incremento de \u00e1reas verdes, la mitigaci\u00f3n de las islas de calor, la captura de carbono, as\u00ed como la generaci\u00f3n de sombra y refugio para la fauna urbana, contribuyendo de manera directa a la mejora del entorno ambiental de la ciudad.<\/p>\n<p>La alcaldesa enfatiz\u00f3 que el Gobierno Municipal continuar\u00e1 impulsando pol\u00edticas p\u00fablicas orientadas a la conservaci\u00f3n del medio ambiente y al bienestar de las presentes y futuras generaciones.<\/p>\n<p><img loading=\"lazy\" decoding=\"async\" class=\"aligncenter size-full wp-image-193790\" src=\"https:\/\/www.buroperiodistico.com.mx\/wp-content\/uploads\/2025\/12\/Carmenx-I-1.jpeg\" alt=\"\" width=\"640\" height=\"480\" srcset=\"https:\/\/www.buroperiodistico.com.mx\/wp-content\/uploads\/2025\/12\/Carmenx-I-1.jpeg 640w, https:\/\/www.buroperiodistico.com.mx\/wp-content\/uploads\/2025\/12\/Carmenx-I-1-300x225.jpeg 300w\" sizes=\"auto, (max-width: 640px) 100vw, 640px\" \/> <img loading=\"lazy\" decoding=\"async\" class=\"aligncenter size-full wp-image-193791\" src=\"https:\/\/www.buroperiodistico.com.mx\/wp-content\/uploads\/2025\/12\/Carmenx-II-1.jpeg\" alt=\"\" width=\"484\" height=\"480\" srcset=\"https:\/\/www.buroperiodistico.com.mx\/wp-content\/uploads\/2025\/12\/Carmenx-II-1.jpeg 484w, https:\/\/www.buroperiodistico.com.mx\/wp-content\/uploads\/2025\/12\/Carmenx-II-1-300x298.jpeg 300w, https:\/\/www.buroperiodistico.com.mx\/wp-content\/uploads\/2025\/12\/Carmenx-II-1-150x150.jpeg 150w\" sizes=\"auto, (max-width: 484px) 100vw, 484px\" \/><\/p>\n","protected":false},"excerpt":{"rendered":"<p>Nuevo Laredo, Tam (26-Diciembre-2025).- La Coordinaci\u00f3n de Gesti\u00f3n Ambiental de Nuevo Laredo concluy\u00f3 de manera&#8230;<\/p>\n","protected":false},"author":1,"featured_media":193792,"comment_status":"closed","ping_status":"closed","sticky":false,"template":"","format":"standard","meta":{"footnotes":"","jetpack_publicize_message":"","jetpack_publicize_feature_enabled":true,"jetpack_social_post_already_shared":true,"jetpack_social_options":{"image_generator_settings":{"template":"highway","default_image_id":0,"font":"","enabled":false},"version":2}},"categories":[16,25],"tags":[],"class_list":["post-193789","post","type-post","status-publish","format-standard","has-post-thumbnail","hentry","category-nuevolaredo","category-portada"],"jetpack_publicize_connections":[],"_links":{"self":[{"href":"https:\/\/www.buroperiodistico.com.mx\/index.php?rest_route=\/wp\/v2\/posts\/193789","targetHints":{"allow":["GET"]}}],"collection":[{"href":"https:\/\/www.buroperiodistico.com.mx\/index.php?rest_route=\/wp\/v2\/posts"}],"about":[{"href":"https:\/\/www.buroperiodistico.com.mx\/index.php?rest_route=\/wp\/v2\/types\/post"}],"author":[{"embeddable":true,"href":"https:\/\/www.buroperiodistico.com.mx\/index.php?rest_route=\/wp\/v2\/users\/1"}],"replies":[{"embeddable":true,"href":"https:\/\/www.buroperiodistico.com.mx\/index.php?rest_route=%2Fwp%2Fv2%2Fcomments&post=193789"}],"version-history":[{"count":1,"href":"https:\/\/www.buroperiodistico.com.mx\/index.php?rest_route=\/wp\/v2\/posts\/193789\/revisions"}],"predecessor-version":[{"id":193793,"href":"https:\/\/www.buroperiodistico.com.mx\/index.php?rest_route=\/wp\/v2\/posts\/193789\/revisions\/193793"}],"wp:featuredmedia":[{"embeddable":true,"href":"https:\/\/www.buroperiodistico.com.mx\/index.php?rest_route=\/wp\/v2\/media\/193792"}],"wp:attachment":[{"href":"https:\/\/www.buroperiodistico.com.mx\/index.php?rest_route=%2Fwp%2Fv2%2Fmedia&parent=193789"}],"wp:term":[{"taxonomy":"category","embeddable":true,"href":"https:\/\/www.buroperiodistico.com.mx\/index.php?rest_route=%2Fwp%2Fv2%2Fcategories&post=193789"},{"taxonomy":"post_tag","embeddable":true,"href":"https:\/\/www.buroperiodistico.com.mx\/index.php?rest_route=%2Fwp%2Fv2%2Ftags&post=193789"}],"curies":[{"name":"wp","href":"https:\/\/api.w.org\/{rel}","templated":true}]}}