{"id":193783,"date":"2025-12-26T15:14:14","date_gmt":"2025-12-26T21:14:14","guid":{"rendered":"https:\/\/www.buroperiodistico.com.mx\/?p=193783"},"modified":"2025-12-26T15:14:14","modified_gmt":"2025-12-26T21:14:14","slug":"autoridades-municipales-atienden-avistamiento-de-cocodrilo-en-el-laguito-y-el-arroyo-el-coyote","status":"publish","type":"post","link":"https:\/\/www.buroperiodistico.com.mx\/?p=193783","title":{"rendered":"AUTORIDADES MUNICIPALES ATIENDEN AVISTAMIENTO DE COCODRILO EN EL LAGUITO Y EL ARROYO EL COYOTE"},"content":{"rendered":"<p><em><strong><img loading=\"lazy\" decoding=\"async\" class=\" wp-image-193786 alignright\" src=\"https:\/\/www.buroperiodistico.com.mx\/wp-content\/uploads\/2025\/12\/PCx-1.jpeg\" alt=\"\" width=\"444\" height=\"275\" srcset=\"https:\/\/www.buroperiodistico.com.mx\/wp-content\/uploads\/2025\/12\/PCx-1.jpeg 1024w, https:\/\/www.buroperiodistico.com.mx\/wp-content\/uploads\/2025\/12\/PCx-1-300x186.jpeg 300w, https:\/\/www.buroperiodistico.com.mx\/wp-content\/uploads\/2025\/12\/PCx-1-768x476.jpeg 768w\" sizes=\"auto, (max-width: 444px) 100vw, 444px\" \/>Nuevo Laredo, Tam (26-Diciembre-2025).-<\/strong><\/em> El Gobierno Municipal de Nuevo Laredo, a trav\u00e9s de la Direcci\u00f3n de Protecci\u00f3n Civil y Bomberos, en coordinaci\u00f3n con el Zool\u00f3gico Municipal, atiende el reporte del avistamiento de un cocodrilo en las inmediaciones de El Laguito y el Arroyo El Coyote, registrado durante la madrugada de este d\u00eda.<\/p>\n<p>El director de Protecci\u00f3n Civil y Bomberos, Humberto Fern\u00e1ndez Diez de Pinos, inform\u00f3 que el reporte se recibi\u00f3 alrededor de las 12:40 a.m., luego de que ciudadanos difundieran en redes sociales un video donde se observa al ejemplar en la zona oriente de El Laguito.<\/p>\n<p>Tras el an\u00e1lisis del material, se confirm\u00f3 que se trata de un cocodrilo de tama\u00f1o mediano que presuntamente intent\u00f3 cruzar la carretera, pero al encontrarse con el muro de contenci\u00f3n regres\u00f3 hacia el arroyo.<\/p>\n<p>Por su parte, Daniel del Fierro C\u00e1rdenas, director del Zool\u00f3gico de Nuevo Laredo, explic\u00f3 que el ejemplar corresponde a una especie conocida como Moreletii, la cual no es nativa de la regi\u00f3n, por lo que se presume que estuvo en cautiverio y fue liberada de manera irresponsable.<\/p>\n<p>Indic\u00f3 que ya se trabaja de manera conjunta con Protecci\u00f3n Civil para la colocaci\u00f3n de trampas especializadas con el objetivo de capturarlo de forma segura y trasladarlo al zool\u00f3gico para su resguardo.<\/p>\n<p>Ambos funcionarios hicieron un llamado a la ciudadan\u00eda a no acercarse, no intentar capturarlo y evitar ingresar al agua, ya que ni El Laguito ni el brazo del r\u00edo son balnearios.<\/p>\n<p>Aunque el ejemplar no representa un riesgo si se mantiene a distancia, puede volverse defensivo ante la cercan\u00eda de personas. En caso de avistamiento, se exhorta a reportarlo de inmediato a Protecci\u00f3n Civil y Bomberos, proporcionando la ubicaci\u00f3n exacta para una pronta intervenci\u00f3n.<\/p>\n<p>Las autoridades reiteraron que continuar\u00e1n con los recorridos de vigilancia durante la noche, periodo en el que este tipo de reptiles suele desplazarse con mayor facilidad, y pidieron la colaboraci\u00f3n de la poblaci\u00f3n para garantizar la seguridad de todos, siguiendo las indicaciones oficiales y evitando la difusi\u00f3n de informaci\u00f3n no confirmada.<\/p>\n<p><img loading=\"lazy\" decoding=\"async\" class=\"aligncenter size-full wp-image-193784\" src=\"https:\/\/www.buroperiodistico.com.mx\/wp-content\/uploads\/2025\/12\/PCx-I-1.jpeg\" alt=\"\" width=\"640\" height=\"428\" srcset=\"https:\/\/www.buroperiodistico.com.mx\/wp-content\/uploads\/2025\/12\/PCx-I-1.jpeg 640w, https:\/\/www.buroperiodistico.com.mx\/wp-content\/uploads\/2025\/12\/PCx-I-1-300x201.jpeg 300w\" sizes=\"auto, (max-width: 640px) 100vw, 640px\" \/> <img loading=\"lazy\" decoding=\"async\" class=\"aligncenter size-full wp-image-193785\" src=\"https:\/\/www.buroperiodistico.com.mx\/wp-content\/uploads\/2025\/12\/PCx-II.jpeg\" alt=\"\" width=\"640\" height=\"428\" srcset=\"https:\/\/www.buroperiodistico.com.mx\/wp-content\/uploads\/2025\/12\/PCx-II.jpeg 640w, https:\/\/www.buroperiodistico.com.mx\/wp-content\/uploads\/2025\/12\/PCx-II-300x201.jpeg 300w\" sizes=\"auto, (max-width: 640px) 100vw, 640px\" \/><\/p>\n","protected":false},"excerpt":{"rendered":"<p>Nuevo Laredo, Tam (26-Diciembre-2025).- El Gobierno Municipal de Nuevo Laredo, a trav\u00e9s de la Direcci\u00f3n&#8230;<\/p>\n","protected":false},"author":1,"featured_media":193786,"comment_status":"closed","ping_status":"closed","sticky":false,"template":"","format":"standard","meta":{"footnotes":"","jetpack_publicize_message":"","jetpack_publicize_feature_enabled":true,"jetpack_social_post_already_shared":true,"jetpack_social_options":{"image_generator_settings":{"template":"highway","default_image_id":0,"font":"","enabled":false},"version":2}},"categories":[16],"tags":[],"class_list":["post-193783","post","type-post","status-publish","format-standard","has-post-thumbnail","hentry","category-nuevolaredo"],"jetpack_publicize_connections":[],"_links":{"self":[{"href":"https:\/\/www.buroperiodistico.com.mx\/index.php?rest_route=\/wp\/v2\/posts\/193783","targetHints":{"allow":["GET"]}}],"collection":[{"href":"https:\/\/www.buroperiodistico.com.mx\/index.php?rest_route=\/wp\/v2\/posts"}],"about":[{"href":"https:\/\/www.buroperiodistico.com.mx\/index.php?rest_route=\/wp\/v2\/types\/post"}],"author":[{"embeddable":true,"href":"https:\/\/www.buroperiodistico.com.mx\/index.php?rest_route=\/wp\/v2\/users\/1"}],"replies":[{"embeddable":true,"href":"https:\/\/www.buroperiodistico.com.mx\/index.php?rest_route=%2Fwp%2Fv2%2Fcomments&post=193783"}],"version-history":[{"count":2,"href":"https:\/\/www.buroperiodistico.com.mx\/index.php?rest_route=\/wp\/v2\/posts\/193783\/revisions"}],"predecessor-version":[{"id":193788,"href":"https:\/\/www.buroperiodistico.com.mx\/index.php?rest_route=\/wp\/v2\/posts\/193783\/revisions\/193788"}],"wp:featuredmedia":[{"embeddable":true,"href":"https:\/\/www.buroperiodistico.com.mx\/index.php?rest_route=\/wp\/v2\/media\/193786"}],"wp:attachment":[{"href":"https:\/\/www.buroperiodistico.com.mx\/index.php?rest_route=%2Fwp%2Fv2%2Fmedia&parent=193783"}],"wp:term":[{"taxonomy":"category","embeddable":true,"href":"https:\/\/www.buroperiodistico.com.mx\/index.php?rest_route=%2Fwp%2Fv2%2Fcategories&post=193783"},{"taxonomy":"post_tag","embeddable":true,"href":"https:\/\/www.buroperiodistico.com.mx\/index.php?rest_route=%2Fwp%2Fv2%2Ftags&post=193783"}],"curies":[{"name":"wp","href":"https:\/\/api.w.org\/{rel}","templated":true}]}}