{"id":193750,"date":"2025-12-26T14:33:11","date_gmt":"2025-12-26T20:33:11","guid":{"rendered":"https:\/\/www.buroperiodistico.com.mx\/?p=193750"},"modified":"2025-12-26T14:33:11","modified_gmt":"2025-12-26T20:33:11","slug":"festejaron-menores-migrantes-la-navidad-con-carlos-y-alejandra","status":"publish","type":"post","link":"https:\/\/www.buroperiodistico.com.mx\/?p=193750","title":{"rendered":"Festejaron menores migrantes la Navidad con Carlos y Alejandra"},"content":{"rendered":"<p><em><strong><img loading=\"lazy\" decoding=\"async\" class=\" wp-image-193755 alignright\" src=\"https:\/\/www.buroperiodistico.com.mx\/wp-content\/uploads\/2025\/12\/CPox-16.jpeg\" alt=\"\" width=\"433\" height=\"289\" srcset=\"https:\/\/www.buroperiodistico.com.mx\/wp-content\/uploads\/2025\/12\/CPox-16.jpeg 1024w, https:\/\/www.buroperiodistico.com.mx\/wp-content\/uploads\/2025\/12\/CPox-16-300x200.jpeg 300w, https:\/\/www.buroperiodistico.com.mx\/wp-content\/uploads\/2025\/12\/CPox-16-768x512.jpeg 768w\" sizes=\"auto, (max-width: 433px) 100vw, 433px\" \/>Reynosa, Tam (26-Diciembre-2025).-<\/strong><\/em> Los menores migrantes alojados en el CAMEF, fueron visitados por el Presidente Municipal Carlos Pe\u00f1a Ortiz y por su esposa Alejandra Yelitza Garza, Presidenta del Voluntariado DIF-Reynosa, para celebrar una convivencia navide\u00f1a y entregarles regalos a cada uno de ellos.<\/p>\n<p>\u00abEn compa\u00f1\u00eda de mi esposa visit\u00e9 este espacio donde se brinda atenci\u00f3n, cuidado y acompa\u00f1amiento a ni\u00f1as, ni\u00f1os y j\u00f3venes que se encuentran temporalmente en nuestro pa\u00eds\u00bb, dijo el Alcalde luego de convivir con los menores en un ambiente festivo ligado a la Navidad.<\/p>\n<p>El Centro de Atenci\u00f3n a Menores Fronterizos, CAMEF, alberga a ni\u00f1os, ni\u00f1as y adolescentes en situaci\u00f3n vulnerable por ser migrantes deportados, o viajeros sin acompa\u00f1ante adulto, como una medida de protecci\u00f3n a su integridad.<\/p>\n<p>#ReynosaImparable<br \/>\n#GobiernoMunicipalDeReynosa<\/p>\n<p><img loading=\"lazy\" decoding=\"async\" class=\"aligncenter size-full wp-image-193752\" src=\"https:\/\/www.buroperiodistico.com.mx\/wp-content\/uploads\/2025\/12\/CPox-II-14.jpeg\" alt=\"\" width=\"640\" height=\"427\" srcset=\"https:\/\/www.buroperiodistico.com.mx\/wp-content\/uploads\/2025\/12\/CPox-II-14.jpeg 640w, https:\/\/www.buroperiodistico.com.mx\/wp-content\/uploads\/2025\/12\/CPox-II-14-300x200.jpeg 300w\" sizes=\"auto, (max-width: 640px) 100vw, 640px\" \/> <img loading=\"lazy\" decoding=\"async\" class=\"aligncenter size-full wp-image-193751\" src=\"https:\/\/www.buroperiodistico.com.mx\/wp-content\/uploads\/2025\/12\/CPox-I-15.jpeg\" alt=\"\" width=\"640\" height=\"427\" srcset=\"https:\/\/www.buroperiodistico.com.mx\/wp-content\/uploads\/2025\/12\/CPox-I-15.jpeg 640w, https:\/\/www.buroperiodistico.com.mx\/wp-content\/uploads\/2025\/12\/CPox-I-15-300x200.jpeg 300w\" sizes=\"auto, (max-width: 640px) 100vw, 640px\" \/> <img loading=\"lazy\" decoding=\"async\" class=\"aligncenter size-full wp-image-193753\" src=\"https:\/\/www.buroperiodistico.com.mx\/wp-content\/uploads\/2025\/12\/CPox-III-14.jpeg\" alt=\"\" width=\"640\" height=\"427\" srcset=\"https:\/\/www.buroperiodistico.com.mx\/wp-content\/uploads\/2025\/12\/CPox-III-14.jpeg 640w, https:\/\/www.buroperiodistico.com.mx\/wp-content\/uploads\/2025\/12\/CPox-III-14-300x200.jpeg 300w\" sizes=\"auto, (max-width: 640px) 100vw, 640px\" \/> <img loading=\"lazy\" decoding=\"async\" class=\"aligncenter size-full wp-image-193754\" src=\"https:\/\/www.buroperiodistico.com.mx\/wp-content\/uploads\/2025\/12\/CPox-IIII-10.jpeg\" alt=\"\" width=\"640\" height=\"427\" srcset=\"https:\/\/www.buroperiodistico.com.mx\/wp-content\/uploads\/2025\/12\/CPox-IIII-10.jpeg 640w, https:\/\/www.buroperiodistico.com.mx\/wp-content\/uploads\/2025\/12\/CPox-IIII-10-300x200.jpeg 300w\" sizes=\"auto, (max-width: 640px) 100vw, 640px\" \/><\/p>\n","protected":false},"excerpt":{"rendered":"<p>Reynosa, Tam (26-Diciembre-2025).- Los menores migrantes alojados en el CAMEF, fueron visitados por el Presidente&#8230;<\/p>\n","protected":false},"author":1,"featured_media":193755,"comment_status":"closed","ping_status":"closed","sticky":false,"template":"","format":"standard","meta":{"footnotes":"","jetpack_publicize_message":"","jetpack_publicize_feature_enabled":true,"jetpack_social_post_already_shared":true,"jetpack_social_options":{"image_generator_settings":{"template":"highway","default_image_id":0,"font":"","enabled":false},"version":2}},"categories":[25,9],"tags":[],"class_list":["post-193750","post","type-post","status-publish","format-standard","has-post-thumbnail","hentry","category-portada","category-reynosa"],"jetpack_publicize_connections":[],"_links":{"self":[{"href":"https:\/\/www.buroperiodistico.com.mx\/index.php?rest_route=\/wp\/v2\/posts\/193750","targetHints":{"allow":["GET"]}}],"collection":[{"href":"https:\/\/www.buroperiodistico.com.mx\/index.php?rest_route=\/wp\/v2\/posts"}],"about":[{"href":"https:\/\/www.buroperiodistico.com.mx\/index.php?rest_route=\/wp\/v2\/types\/post"}],"author":[{"embeddable":true,"href":"https:\/\/www.buroperiodistico.com.mx\/index.php?rest_route=\/wp\/v2\/users\/1"}],"replies":[{"embeddable":true,"href":"https:\/\/www.buroperiodistico.com.mx\/index.php?rest_route=%2Fwp%2Fv2%2Fcomments&post=193750"}],"version-history":[{"count":1,"href":"https:\/\/www.buroperiodistico.com.mx\/index.php?rest_route=\/wp\/v2\/posts\/193750\/revisions"}],"predecessor-version":[{"id":193756,"href":"https:\/\/www.buroperiodistico.com.mx\/index.php?rest_route=\/wp\/v2\/posts\/193750\/revisions\/193756"}],"wp:featuredmedia":[{"embeddable":true,"href":"https:\/\/www.buroperiodistico.com.mx\/index.php?rest_route=\/wp\/v2\/media\/193755"}],"wp:attachment":[{"href":"https:\/\/www.buroperiodistico.com.mx\/index.php?rest_route=%2Fwp%2Fv2%2Fmedia&parent=193750"}],"wp:term":[{"taxonomy":"category","embeddable":true,"href":"https:\/\/www.buroperiodistico.com.mx\/index.php?rest_route=%2Fwp%2Fv2%2Fcategories&post=193750"},{"taxonomy":"post_tag","embeddable":true,"href":"https:\/\/www.buroperiodistico.com.mx\/index.php?rest_route=%2Fwp%2Fv2%2Ftags&post=193750"}],"curies":[{"name":"wp","href":"https:\/\/api.w.org\/{rel}","templated":true}]}}