{"id":193741,"date":"2025-12-26T14:21:37","date_gmt":"2025-12-26T20:21:37","guid":{"rendered":"https:\/\/www.buroperiodistico.com.mx\/?p=193741"},"modified":"2025-12-26T14:21:37","modified_gmt":"2025-12-26T20:21:37","slug":"refuerza-dif-reynosa-atencion-integral-en-la-prevencion-y-atencion-del-cancer-de-mama","status":"publish","type":"post","link":"https:\/\/www.buroperiodistico.com.mx\/?p=193741","title":{"rendered":"Refuerza DIF-Reynosa atenci\u00f3n integral en la prevenci\u00f3n y atenci\u00f3n del C\u00e1ncer de Mama"},"content":{"rendered":"<ul>\n<li><strong><em>Durante todo el 2025.<\/em><\/strong><\/li>\n<\/ul>\n<p><strong><img loading=\"lazy\" decoding=\"async\" class=\" wp-image-193743 alignright\" src=\"https:\/\/www.buroperiodistico.com.mx\/wp-content\/uploads\/2025\/12\/DIFx-7.jpeg\" alt=\"\" width=\"465\" height=\"310\" srcset=\"https:\/\/www.buroperiodistico.com.mx\/wp-content\/uploads\/2025\/12\/DIFx-7.jpeg 1024w, https:\/\/www.buroperiodistico.com.mx\/wp-content\/uploads\/2025\/12\/DIFx-7-300x200.jpeg 300w, https:\/\/www.buroperiodistico.com.mx\/wp-content\/uploads\/2025\/12\/DIFx-7-768x512.jpeg 768w\" sizes=\"auto, (max-width: 465px) 100vw, 465px\" \/>Reynosa, Tam (26-Diciembre-2025).-<\/strong> Durante todo el a\u00f1o, el Sistema DIF-Reynosa que preside Carlos Luis Pe\u00f1a Garza, brind\u00f3 apoyo integral a mujeres de la ciudad mediante acciones enfocadas en la prevenci\u00f3n, detecci\u00f3n y atenci\u00f3n del c\u00e1ncer de mama, con el objetivo de proteger la salud y mejorar la calidad de vida de quienes m\u00e1s lo necesitan.<\/p>\n<p>A trav\u00e9s de campa\u00f1as permanentes, el DIF-Reynosa ofreci\u00f3 servicios de exploraci\u00f3n cl\u00ednica y mastograf\u00edas, permitiendo la detecci\u00f3n oportuna de esta enfermedad, adem\u00e1s de orientaci\u00f3n y acompa\u00f1amiento para fomentar la cultura del autocuidado y la atenci\u00f3n m\u00e9dica preventiva entre la poblaci\u00f3n femenina.<\/p>\n<p>Como parte del respaldo integral, tambi\u00e9n se otorgaron pr\u00f3tesis externas de mama y se impuls\u00f3 la campa\u00f1a de reconstrucci\u00f3n mamaria, brindando no solo atenci\u00f3n m\u00e9dica, sino tambi\u00e9n apoyo emocional a mujeres que enfrentan este proceso, reafirmando el compromiso del Alcalde, Carlos Pe\u00f1a Ortiz, de atender en forma integral a las mujeres de Reynosa.<\/p>\n<p><img loading=\"lazy\" decoding=\"async\" class=\"aligncenter size-full wp-image-193742\" src=\"https:\/\/www.buroperiodistico.com.mx\/wp-content\/uploads\/2025\/12\/DIFx-I-6.jpeg\" alt=\"\" width=\"640\" height=\"427\" srcset=\"https:\/\/www.buroperiodistico.com.mx\/wp-content\/uploads\/2025\/12\/DIFx-I-6.jpeg 640w, https:\/\/www.buroperiodistico.com.mx\/wp-content\/uploads\/2025\/12\/DIFx-I-6-300x200.jpeg 300w\" sizes=\"auto, (max-width: 640px) 100vw, 640px\" \/><\/p>\n","protected":false},"excerpt":{"rendered":"<p>Durante todo el 2025. Reynosa, Tam (26-Diciembre-2025).- Durante todo el a\u00f1o, el Sistema DIF-Reynosa que&#8230;<\/p>\n","protected":false},"author":1,"featured_media":193743,"comment_status":"closed","ping_status":"closed","sticky":false,"template":"","format":"standard","meta":{"footnotes":"","jetpack_publicize_message":"","jetpack_publicize_feature_enabled":true,"jetpack_social_post_already_shared":true,"jetpack_social_options":{"image_generator_settings":{"template":"highway","default_image_id":0,"font":"","enabled":false},"version":2}},"categories":[25,9],"tags":[],"class_list":["post-193741","post","type-post","status-publish","format-standard","has-post-thumbnail","hentry","category-portada","category-reynosa"],"jetpack_publicize_connections":[],"_links":{"self":[{"href":"https:\/\/www.buroperiodistico.com.mx\/index.php?rest_route=\/wp\/v2\/posts\/193741","targetHints":{"allow":["GET"]}}],"collection":[{"href":"https:\/\/www.buroperiodistico.com.mx\/index.php?rest_route=\/wp\/v2\/posts"}],"about":[{"href":"https:\/\/www.buroperiodistico.com.mx\/index.php?rest_route=\/wp\/v2\/types\/post"}],"author":[{"embeddable":true,"href":"https:\/\/www.buroperiodistico.com.mx\/index.php?rest_route=\/wp\/v2\/users\/1"}],"replies":[{"embeddable":true,"href":"https:\/\/www.buroperiodistico.com.mx\/index.php?rest_route=%2Fwp%2Fv2%2Fcomments&post=193741"}],"version-history":[{"count":1,"href":"https:\/\/www.buroperiodistico.com.mx\/index.php?rest_route=\/wp\/v2\/posts\/193741\/revisions"}],"predecessor-version":[{"id":193744,"href":"https:\/\/www.buroperiodistico.com.mx\/index.php?rest_route=\/wp\/v2\/posts\/193741\/revisions\/193744"}],"wp:featuredmedia":[{"embeddable":true,"href":"https:\/\/www.buroperiodistico.com.mx\/index.php?rest_route=\/wp\/v2\/media\/193743"}],"wp:attachment":[{"href":"https:\/\/www.buroperiodistico.com.mx\/index.php?rest_route=%2Fwp%2Fv2%2Fmedia&parent=193741"}],"wp:term":[{"taxonomy":"category","embeddable":true,"href":"https:\/\/www.buroperiodistico.com.mx\/index.php?rest_route=%2Fwp%2Fv2%2Fcategories&post=193741"},{"taxonomy":"post_tag","embeddable":true,"href":"https:\/\/www.buroperiodistico.com.mx\/index.php?rest_route=%2Fwp%2Fv2%2Ftags&post=193741"}],"curies":[{"name":"wp","href":"https:\/\/api.w.org\/{rel}","templated":true}]}}