{"id":193726,"date":"2025-12-26T11:53:51","date_gmt":"2025-12-26T17:53:51","guid":{"rendered":"https:\/\/www.buroperiodistico.com.mx\/?p=193726"},"modified":"2025-12-26T11:53:51","modified_gmt":"2025-12-26T17:53:51","slug":"dictan-prision-a-periodista-de-veracruz-por-terrorismo","status":"publish","type":"post","link":"https:\/\/www.buroperiodistico.com.mx\/?p=193726","title":{"rendered":"Dictan prisi\u00f3n a periodista de Veracruz por terrorismo"},"content":{"rendered":"<p><em><strong><img loading=\"lazy\" decoding=\"async\" class=\" wp-image-193727 alignright\" src=\"https:\/\/www.buroperiodistico.com.mx\/wp-content\/uploads\/2025\/12\/Prisxi.jpeg\" alt=\"\" width=\"460\" height=\"275\" srcset=\"https:\/\/www.buroperiodistico.com.mx\/wp-content\/uploads\/2025\/12\/Prisxi.jpeg 1024w, https:\/\/www.buroperiodistico.com.mx\/wp-content\/uploads\/2025\/12\/Prisxi-300x179.jpeg 300w, https:\/\/www.buroperiodistico.com.mx\/wp-content\/uploads\/2025\/12\/Prisxi-768x459.jpeg 768w\" sizes=\"auto, (max-width: 460px) 100vw, 460px\" \/>Por Benito Jim\u00e9nez<\/strong><\/em><br \/>\n<em><strong>Cd. de M\u00e9xico (25-Dic-2025).-<\/strong><\/em> Un juez dict\u00f3 prisi\u00f3n preventiva oficiosa contra el reportero Rafael Le\u00f3n Segovia, conocido como \u00abLafita Le\u00f3n\u00bb, bajo acusaciones de terrorismo, encubrimiento por favorecimiento y delitos contra las instituciones de seguridad p\u00fablica, tras transmitir en vivo un accidente vial en Coatzacoalcos, Veracruz, donde aparece la hija de una influyente abogada local.<\/p>\n<p>\u201cDurante la audiencia inicial, el juez de control calific\u00f3 de legal la detenci\u00f3n y resolvi\u00f3 dictar la medida cautelar de prisi\u00f3n preventiva oficiosa, conforme a lo establecido en la legislaci\u00f3n vigente. La audiencia de continuaci\u00f3n se celebrar\u00e1 el s\u00e1bado 29 (de diciembre) a las 8:00 horas\u201d, inform\u00f3 la Fiscal\u00eda General del Estado (FGE) a trav\u00e9s de la Fiscal\u00eda Regional con sede en Coatzacoalcos.<br \/>\nEl periodista fue detenido la ma\u00f1ana del 24 de diciembre en lo que organizaciones y voces en redes califican como un caso fabricado para castigar su trabajo informativo.<\/p>\n<p>Mientras la Fiscal\u00eda, a cargo de Lisbeth Aurelia Jim\u00e9nez Aguirre, sostiene la versi\u00f3n sobre terrorismo, colegas del reportero afirman que el proceso habr\u00eda sido impulsado por la abogada Leticia Zurita D\u00e1vila, a quien describen como \u201cla abogada con m\u00e1s poder en Veracruz\u201d.<\/p>\n<p>En diversos se\u00f1alamientos sostienen que, tras una cobertura, la litigante le habr\u00eda advertido al reportero: \u201c\u00a1Te voy a hacer un desmadre, vas a ver!\u201d, y que la promesa se habr\u00eda materializado con su detenci\u00f3n bajo cargos de terrorismo y delitos contra la seguridad p\u00fablica.<\/p>\n<p>En una transmisi\u00f3n en vivo realizada por el reportero, la noche del 16 de diciembre, Le\u00f3n Segovia document\u00f3 un choque en el que result\u00f3 lesionada una mujer embarazada que viajaba en moto.<\/p>\n<p>En el video, el reportero describe c\u00f3mo un autom\u00f3vil habr\u00eda impactado a un veh\u00edculo estacionado y a la motocicleta, y luego registra la llegada de familiares y de elementos de Marina que intentaron controlar la escena.<\/p>\n<p>Durante esa transmisi\u00f3n, dos mujeres encaran al reportero y le reclaman haberlas grabado en otra ocasi\u00f3n afuera de un bar.<\/p>\n<p>\u201cMe exhibiste, me subiste &#8216;al Calamar&#8217;, me pusiste pura tonter\u00eda\u201d, se oye en el video publicado.<\/p>\n<p><img loading=\"lazy\" decoding=\"async\" class=\"size-full wp-image-193728 alignleft\" src=\"https:\/\/www.buroperiodistico.com.mx\/wp-content\/uploads\/2025\/12\/Prisxi-I.jpeg\" alt=\"\" width=\"616\" height=\"480\" srcset=\"https:\/\/www.buroperiodistico.com.mx\/wp-content\/uploads\/2025\/12\/Prisxi-I.jpeg 616w, https:\/\/www.buroperiodistico.com.mx\/wp-content\/uploads\/2025\/12\/Prisxi-I-300x234.jpeg 300w\" sizes=\"auto, (max-width: 616px) 100vw, 616px\" \/>Tambi\u00e9n lo amenazan con \u201chacerle un desmadre\u201d y \u201cdenunciarlo\u201d.<\/p>\n<p>A partir de ese episodio, sus colegas sostienen que se desat\u00f3 una ofensiva legal en su contra. Tambi\u00e9n afirman que su \u201cdelito\u201d fue documentar el accidente donde se vio involucrada la hija de la abogada.<\/p>\n<p>La Asociaci\u00f3n de Periodistas de Coatzacoalcos (APEC) confirm\u00f3 la detenci\u00f3n e inform\u00f3, en un pronunciamiento, que dar\u00e1 seguimiento a la situaci\u00f3n legal que enfrenta el reportero Rafael Le\u00f3n Segovia.<\/p>\n<p>Precis\u00f3 que mantiene comunicaci\u00f3n con sus familiares y defensa sobre los presuntos delitos que se le imputan y las condiciones en las que se encuentra.<\/p>\n<p>La APEC subray\u00f3 que apela por el derecho a la libertad de expresi\u00f3n y se dijo atenta y pendiente del desarrollo de esta situaci\u00f3n hasta su total esclarecimiento.<\/p>\n<p>Adem\u00e1s, exigi\u00f3 a la Fiscal\u00eda de Veracruz que se garantice la salud y la integridad de Le\u00f3n Segovia y se brinden todas las facilidades para su defensa legal.<\/p>\n<p>El gremio local tambi\u00e9n inform\u00f3 que ya notific\u00f3 el caso a la Comisi\u00f3n Estatal para la Atenci\u00f3n y Protecci\u00f3n de los Periodistas (CEAPP), que intervendr\u00e1 mediante su \u00e1rea jur\u00eddica para brindar el acompa\u00f1amiento, la defensa legal correspondiente o las acciones que resulten necesarias.<\/p>\n<p>Veracruz es una de las entidades con peores registros hist\u00f3ricos de agresiones contra periodistas.<\/p>\n<p>El uso de delitos como \u201cterrorismo\u201d y \u201ccontra las instituciones de seguridad p\u00fablica\u201d son utilizados de manera recurrente por parte de las autoridades para limitar la libertad de expresi\u00f3n.<\/p>\n<p>Por ahora, Rafael Le\u00f3n Segovia enfrentar\u00e1 el proceso en reclusi\u00f3n mientras que la Fiscal\u00eda intentar\u00e1 sostener ante el juez que su labor period\u00edstica encuadra en figuras como terrorismo y encubrimiento.<\/p>\n<p>\u201cCasos como \u00e9ste generan un efecto inhibidor para el periodismo, especialmente en contextos de suma violencia y donde operan redes de macrocriminalidad. El uso del sistema penal como represalia por la labor que desarrollan las personas periodistas es un abuso y no tiene cabida en una democracia\u201d, advirti\u00f3 Article 19 en sus redes sociales.<\/p>\n<p>\u201cARTICLE 19 exige a las autoridades de Veracruz a erradicar toda pr\u00e1ctica abusiva e intimidatoria que amenace el derecho humano de cualquier periodista a la libertad de expresi\u00f3n\u201d, urgi\u00f3 el organismo.<\/p>\n<p>\u201cEste caso se suma a otros recientes, como la vinculaci\u00f3n a proceso del periodista Rodolfo Ruiz en Puebla, y refuerza la preocupaci\u00f3n por el uso del derecho penal como mecanismo de intimidaci\u00f3n\u201d, lament\u00f3.<\/p>\n<p><img loading=\"lazy\" decoding=\"async\" class=\"aligncenter size-full wp-image-193729\" src=\"https:\/\/www.buroperiodistico.com.mx\/wp-content\/uploads\/2025\/12\/Prisxi-II.jpeg\" alt=\"\" width=\"640\" height=\"427\" srcset=\"https:\/\/www.buroperiodistico.com.mx\/wp-content\/uploads\/2025\/12\/Prisxi-II.jpeg 640w, https:\/\/www.buroperiodistico.com.mx\/wp-content\/uploads\/2025\/12\/Prisxi-II-300x200.jpeg 300w\" sizes=\"auto, (max-width: 640px) 100vw, 640px\" \/><\/p>\n","protected":false},"excerpt":{"rendered":"<p>Por Benito Jim\u00e9nez Cd. de M\u00e9xico (25-Dic-2025).- Un juez dict\u00f3 prisi\u00f3n preventiva oficiosa contra el&#8230;<\/p>\n","protected":false},"author":1,"featured_media":193727,"comment_status":"closed","ping_status":"closed","sticky":false,"template":"","format":"standard","meta":{"footnotes":"","jetpack_publicize_message":"","jetpack_publicize_feature_enabled":true,"jetpack_social_post_already_shared":true,"jetpack_social_options":{"image_generator_settings":{"template":"highway","default_image_id":0,"font":"","enabled":false},"version":2}},"categories":[11],"tags":[],"class_list":["post-193726","post","type-post","status-publish","format-standard","has-post-thumbnail","hentry","category-nacional"],"jetpack_publicize_connections":[],"_links":{"self":[{"href":"https:\/\/www.buroperiodistico.com.mx\/index.php?rest_route=\/wp\/v2\/posts\/193726","targetHints":{"allow":["GET"]}}],"collection":[{"href":"https:\/\/www.buroperiodistico.com.mx\/index.php?rest_route=\/wp\/v2\/posts"}],"about":[{"href":"https:\/\/www.buroperiodistico.com.mx\/index.php?rest_route=\/wp\/v2\/types\/post"}],"author":[{"embeddable":true,"href":"https:\/\/www.buroperiodistico.com.mx\/index.php?rest_route=\/wp\/v2\/users\/1"}],"replies":[{"embeddable":true,"href":"https:\/\/www.buroperiodistico.com.mx\/index.php?rest_route=%2Fwp%2Fv2%2Fcomments&post=193726"}],"version-history":[{"count":1,"href":"https:\/\/www.buroperiodistico.com.mx\/index.php?rest_route=\/wp\/v2\/posts\/193726\/revisions"}],"predecessor-version":[{"id":193730,"href":"https:\/\/www.buroperiodistico.com.mx\/index.php?rest_route=\/wp\/v2\/posts\/193726\/revisions\/193730"}],"wp:featuredmedia":[{"embeddable":true,"href":"https:\/\/www.buroperiodistico.com.mx\/index.php?rest_route=\/wp\/v2\/media\/193727"}],"wp:attachment":[{"href":"https:\/\/www.buroperiodistico.com.mx\/index.php?rest_route=%2Fwp%2Fv2%2Fmedia&parent=193726"}],"wp:term":[{"taxonomy":"category","embeddable":true,"href":"https:\/\/www.buroperiodistico.com.mx\/index.php?rest_route=%2Fwp%2Fv2%2Fcategories&post=193726"},{"taxonomy":"post_tag","embeddable":true,"href":"https:\/\/www.buroperiodistico.com.mx\/index.php?rest_route=%2Fwp%2Fv2%2Ftags&post=193726"}],"curies":[{"name":"wp","href":"https:\/\/api.w.org\/{rel}","templated":true}]}}