{"id":193723,"date":"2025-12-26T11:49:46","date_gmt":"2025-12-26T17:49:46","guid":{"rendered":"https:\/\/www.buroperiodistico.com.mx\/?p=193723"},"modified":"2025-12-26T11:49:46","modified_gmt":"2025-12-26T17:49:46","slug":"advierte-alcalde-carlos-pena-ortiz-peligro-por-uso-de-fuego","status":"publish","type":"post","link":"https:\/\/www.buroperiodistico.com.mx\/?p=193723","title":{"rendered":"Advierte Alcalde Carlos Pe\u00f1a Ortiz peligro por uso de fuego"},"content":{"rendered":"<p><em><strong><img loading=\"lazy\" decoding=\"async\" class=\" wp-image-193724 alignright\" src=\"https:\/\/www.buroperiodistico.com.mx\/wp-content\/uploads\/2025\/12\/CPox-15.jpeg\" alt=\"\" width=\"509\" height=\"296\" srcset=\"https:\/\/www.buroperiodistico.com.mx\/wp-content\/uploads\/2025\/12\/CPox-15.jpeg 1024w, https:\/\/www.buroperiodistico.com.mx\/wp-content\/uploads\/2025\/12\/CPox-15-300x175.jpeg 300w, https:\/\/www.buroperiodistico.com.mx\/wp-content\/uploads\/2025\/12\/CPox-15-768x447.jpeg 768w\" sizes=\"auto, (max-width: 509px) 100vw, 509px\" \/>Reynosa, Tam (26-Diciembre-2025).-<\/strong><\/em> \u00abHay algo en lo que todos los reynosenses podemos y debemos ayudar, reportar a aquellas personas que prenden fuego a la basura o pastizales\u00bb, dijo el Presidente Municipal Carlos Pe\u00f1a Ortiz, quien destac\u00f3 que en cualquier lugar hay peligro de propagaci\u00f3n.<\/p>\n<p>De acuerdo al trabajo que desarrolla la Coordinaci\u00f3n de Protecci\u00f3n Civil y Bomberos, al d\u00eda son atendidos de.6 a mayor cantidad de incendios, algunos de ellos con p\u00e9rdidas materiales importantes y alto riesgo para la vida y seguridad de las personas.<\/p>\n<p>Cualquier individuo que sea detectado prendiendo fuego puede ser reportado de manera an\u00f3nima al 911 para aplicar la sanci\u00f3n correspondiente pero aun m\u00e1s importante, evitar el peligro de propagaci\u00f3n.<\/p>\n<p>#ReynosaImparable<br \/>\n#GobiernoMunicipalDeReynosa<\/p>\n","protected":false},"excerpt":{"rendered":"<p>Reynosa, Tam (26-Diciembre-2025).- \u00abHay algo en lo que todos los reynosenses podemos y debemos ayudar,&#8230;<\/p>\n","protected":false},"author":1,"featured_media":193724,"comment_status":"closed","ping_status":"closed","sticky":false,"template":"","format":"standard","meta":{"footnotes":"","jetpack_publicize_message":"","jetpack_publicize_feature_enabled":true,"jetpack_social_post_already_shared":true,"jetpack_social_options":{"image_generator_settings":{"template":"highway","default_image_id":0,"font":"","enabled":false},"version":2}},"categories":[25,9],"tags":[],"class_list":["post-193723","post","type-post","status-publish","format-standard","has-post-thumbnail","hentry","category-portada","category-reynosa"],"jetpack_publicize_connections":[],"_links":{"self":[{"href":"https:\/\/www.buroperiodistico.com.mx\/index.php?rest_route=\/wp\/v2\/posts\/193723","targetHints":{"allow":["GET"]}}],"collection":[{"href":"https:\/\/www.buroperiodistico.com.mx\/index.php?rest_route=\/wp\/v2\/posts"}],"about":[{"href":"https:\/\/www.buroperiodistico.com.mx\/index.php?rest_route=\/wp\/v2\/types\/post"}],"author":[{"embeddable":true,"href":"https:\/\/www.buroperiodistico.com.mx\/index.php?rest_route=\/wp\/v2\/users\/1"}],"replies":[{"embeddable":true,"href":"https:\/\/www.buroperiodistico.com.mx\/index.php?rest_route=%2Fwp%2Fv2%2Fcomments&post=193723"}],"version-history":[{"count":1,"href":"https:\/\/www.buroperiodistico.com.mx\/index.php?rest_route=\/wp\/v2\/posts\/193723\/revisions"}],"predecessor-version":[{"id":193725,"href":"https:\/\/www.buroperiodistico.com.mx\/index.php?rest_route=\/wp\/v2\/posts\/193723\/revisions\/193725"}],"wp:featuredmedia":[{"embeddable":true,"href":"https:\/\/www.buroperiodistico.com.mx\/index.php?rest_route=\/wp\/v2\/media\/193724"}],"wp:attachment":[{"href":"https:\/\/www.buroperiodistico.com.mx\/index.php?rest_route=%2Fwp%2Fv2%2Fmedia&parent=193723"}],"wp:term":[{"taxonomy":"category","embeddable":true,"href":"https:\/\/www.buroperiodistico.com.mx\/index.php?rest_route=%2Fwp%2Fv2%2Fcategories&post=193723"},{"taxonomy":"post_tag","embeddable":true,"href":"https:\/\/www.buroperiodistico.com.mx\/index.php?rest_route=%2Fwp%2Fv2%2Ftags&post=193723"}],"curies":[{"name":"wp","href":"https:\/\/api.w.org\/{rel}","templated":true}]}}