{"id":193711,"date":"2025-12-24T18:07:28","date_gmt":"2025-12-25T00:07:28","guid":{"rendered":"https:\/\/www.buroperiodistico.com.mx\/?p=193711"},"modified":"2025-12-24T18:07:28","modified_gmt":"2025-12-25T00:07:28","slug":"infonavit-termina-con-mas-de-4-8-millones-de-creditos-impagables","status":"publish","type":"post","link":"https:\/\/www.buroperiodistico.com.mx\/?p=193711","title":{"rendered":"INFONAVIT TERMINA CON M\u00c1S DE 4.8 MILLONES DE CR\u00c9DITOS IMPAGABLES"},"content":{"rendered":"<ul>\n<li><strong><em>El director general del Instituto, Octavio Romero Oropeza, inform\u00f3 que ya quedaron reestructurados todos los financiamientos cuyo saldo sub\u00eda cada a\u00f1o, aun cuando los derechohabientes hicieran sus pagos.<\/em><\/strong><\/li>\n<\/ul>\n<p><strong><img loading=\"lazy\" decoding=\"async\" class=\" wp-image-193712 alignright\" src=\"https:\/\/www.buroperiodistico.com.mx\/wp-content\/uploads\/2025\/12\/Cabezot.jpg\" alt=\"\" width=\"455\" height=\"246\" srcset=\"https:\/\/www.buroperiodistico.com.mx\/wp-content\/uploads\/2025\/12\/Cabezot.jpg 1110w, https:\/\/www.buroperiodistico.com.mx\/wp-content\/uploads\/2025\/12\/Cabezot-300x162.jpg 300w, https:\/\/www.buroperiodistico.com.mx\/wp-content\/uploads\/2025\/12\/Cabezot-1024x554.jpg 1024w, https:\/\/www.buroperiodistico.com.mx\/wp-content\/uploads\/2025\/12\/Cabezot-768x415.jpg 768w\" sizes=\"auto, (max-width: 455px) 100vw, 455px\" \/>Ciudad de M\u00e9xico (24 de diciembre de 2025).-<\/strong> Por instrucciones de la Presidenta Claudia Sheinbaum Pardo, desde el inicio de esta administraci\u00f3n, el INFONAVIT reestructur\u00f3 4 millones 856 mil cr\u00e9ditos impagables, denominados as\u00ed debido a que su monto crec\u00eda a\u00f1o con a\u00f1o, a pesar de que los trabajadores realizaran sus pagos puntualmente.<\/p>\n<p>Desde Villahermosa, Tabasco, el director general del INFONAVIT, el ingeniero Octavio Romero Oropeza, inform\u00f3 que los cr\u00e9ditos ya fueron reestructurados y hoy est\u00e1n en condiciones de ser liquidados por los derechohabientes.<\/p>\n<p>Se\u00f1al\u00f3 que en algunos casos se hizo un importante descuento al saldo, se redujo la tasa de inter\u00e9s y\/o la mensualidad. En otros, se descont\u00f3 el total de la deuda, por lo que los financiamientos quedaron liquidados.<\/p>\n<p>Estableci\u00f3 que, pr\u00f3ximamente, cualquier persona acreditada podr\u00e1 ingresar a la p\u00e1gina de internet del INFONAVIT \u2013 con su nombre, N\u00famero de Seguridad Social o N\u00famero de Cr\u00e9dito \u2013 y obtener informaci\u00f3n de la situaci\u00f3n anterior de su cr\u00e9dito y conocer las nuevas condiciones de \u00e9ste como consecuencia de su reestructura, as\u00ed como el beneficio obtenido.<\/p>\n<p>Del total de cr\u00e9ditos:<\/p>\n<p>&#8211; 238 mil obtuvieron beneficios que equivalen al pago total del adeudo que se ten\u00eda.<br \/>\n&#8211; 1 mill\u00f3n 258 mil se reestructuraron con reducci\u00f3n de su saldo.<br \/>\n&#8211; 3 millones 360 mil recibieron reestructuras en sus cr\u00e9ditos.<\/p>\n<p>El INFONAVIT reafirma su compromiso con garantizar el acceso a la vivienda digna y la seguridad patrimonial de todos sus derechohabientes en l\u00ednea con la visi\u00f3n de que la vivienda es un derecho, no una mercanc\u00eda.<\/p>\n<p>Para mayor informaci\u00f3n se invita a consultar el video disponible en https:\/\/bit.ly\/3MISoDj y las redes sociales del Instituto.<\/p>\n<div style=\"width: 640px;\" class=\"wp-video\"><video class=\"wp-video-shortcode\" id=\"video-193711-1\" width=\"640\" height=\"360\" preload=\"metadata\" controls=\"controls\"><source type=\"video\/mp4\" src=\"https:\/\/www.buroperiodistico.com.mx\/wp-content\/uploads\/2025\/12\/WhatsApp-Video-2025-12-24-at-6.00.25-PM.mp4?_=1\" \/><a href=\"https:\/\/www.buroperiodistico.com.mx\/wp-content\/uploads\/2025\/12\/WhatsApp-Video-2025-12-24-at-6.00.25-PM.mp4\">https:\/\/www.buroperiodistico.com.mx\/wp-content\/uploads\/2025\/12\/WhatsApp-Video-2025-12-24-at-6.00.25-PM.mp4<\/a><\/video><\/div>\n","protected":false},"excerpt":{"rendered":"<p>El director general del Instituto, Octavio Romero Oropeza, inform\u00f3 que ya quedaron reestructurados todos los&#8230;<\/p>\n","protected":false},"author":1,"featured_media":193712,"comment_status":"closed","ping_status":"closed","sticky":false,"template":"","format":"standard","meta":{"footnotes":"","jetpack_publicize_message":"","jetpack_publicize_feature_enabled":true,"jetpack_social_post_already_shared":true,"jetpack_social_options":{"image_generator_settings":{"template":"highway","default_image_id":0,"font":"","enabled":false},"version":2}},"categories":[11],"tags":[],"class_list":["post-193711","post","type-post","status-publish","format-standard","has-post-thumbnail","hentry","category-nacional"],"jetpack_publicize_connections":[],"_links":{"self":[{"href":"https:\/\/www.buroperiodistico.com.mx\/index.php?rest_route=\/wp\/v2\/posts\/193711","targetHints":{"allow":["GET"]}}],"collection":[{"href":"https:\/\/www.buroperiodistico.com.mx\/index.php?rest_route=\/wp\/v2\/posts"}],"about":[{"href":"https:\/\/www.buroperiodistico.com.mx\/index.php?rest_route=\/wp\/v2\/types\/post"}],"author":[{"embeddable":true,"href":"https:\/\/www.buroperiodistico.com.mx\/index.php?rest_route=\/wp\/v2\/users\/1"}],"replies":[{"embeddable":true,"href":"https:\/\/www.buroperiodistico.com.mx\/index.php?rest_route=%2Fwp%2Fv2%2Fcomments&post=193711"}],"version-history":[{"count":1,"href":"https:\/\/www.buroperiodistico.com.mx\/index.php?rest_route=\/wp\/v2\/posts\/193711\/revisions"}],"predecessor-version":[{"id":193714,"href":"https:\/\/www.buroperiodistico.com.mx\/index.php?rest_route=\/wp\/v2\/posts\/193711\/revisions\/193714"}],"wp:featuredmedia":[{"embeddable":true,"href":"https:\/\/www.buroperiodistico.com.mx\/index.php?rest_route=\/wp\/v2\/media\/193712"}],"wp:attachment":[{"href":"https:\/\/www.buroperiodistico.com.mx\/index.php?rest_route=%2Fwp%2Fv2%2Fmedia&parent=193711"}],"wp:term":[{"taxonomy":"category","embeddable":true,"href":"https:\/\/www.buroperiodistico.com.mx\/index.php?rest_route=%2Fwp%2Fv2%2Fcategories&post=193711"},{"taxonomy":"post_tag","embeddable":true,"href":"https:\/\/www.buroperiodistico.com.mx\/index.php?rest_route=%2Fwp%2Fv2%2Ftags&post=193711"}],"curies":[{"name":"wp","href":"https:\/\/api.w.org\/{rel}","templated":true}]}}