{"id":193706,"date":"2025-12-24T15:59:34","date_gmt":"2025-12-24T21:59:34","guid":{"rendered":"https:\/\/www.buroperiodistico.com.mx\/?p=193706"},"modified":"2025-12-24T15:59:34","modified_gmt":"2025-12-24T21:59:34","slug":"participo-transito-y-vialidad-de-reynosa-en-la-caravana-heroes-paisanos-invierno-2025","status":"publish","type":"post","link":"https:\/\/www.buroperiodistico.com.mx\/?p=193706","title":{"rendered":"Particip\u00f3 Tr\u00e1nsito y Vialidad de Reynosa en la Caravana \u00abH\u00e9roes Paisanos, Invierno 2025\u00bb"},"content":{"rendered":"<p><em><strong><img loading=\"lazy\" decoding=\"async\" class=\" wp-image-193709 alignright\" src=\"https:\/\/www.buroperiodistico.com.mx\/wp-content\/uploads\/2025\/12\/Paiaxa.jpeg\" alt=\"\" width=\"398\" height=\"247\" srcset=\"https:\/\/www.buroperiodistico.com.mx\/wp-content\/uploads\/2025\/12\/Paiaxa.jpeg 1024w, https:\/\/www.buroperiodistico.com.mx\/wp-content\/uploads\/2025\/12\/Paiaxa-300x186.jpeg 300w, https:\/\/www.buroperiodistico.com.mx\/wp-content\/uploads\/2025\/12\/Paiaxa-768x477.jpeg 768w\" sizes=\"auto, (max-width: 398px) 100vw, 398px\" \/>Reynosa, Tam (24-Diciembre-2025).-<\/strong><\/em> La Secretar\u00eda de Seguridad P\u00fablica, Tr\u00e1nsito y Vialidad Municipal del R. Ayuntamiento que preside Carlos Pe\u00f1a Ortiz, particip\u00f3 en la Caravana \u00abH\u00e9roes Paisanos, Invierno 2025\u00bb, a trav\u00e9s de la Direcci\u00f3n de Tr\u00e1nsito y Vialidad, contribuyendo con otras instancias de Gobierno a la seguridad de un paso tranquilo y sin inconvenientes de los connacionales que vistan nuestro pa\u00eds durante el fin de a\u00f1o.<\/p>\n<p>Esta acci\u00f3n de colaboraci\u00f3n se realiz\u00f3 en coordinaci\u00f3n con los Gobiernos Estatal y Federal y sus corporaciones Guardia Estatal, Guardia Nacional, Guardia Nacional Divisi\u00f3n Caminos, y el Instituto Nacional de Migraci\u00f3n, con el objetivo de brindar asistencia, acompa\u00f1amiento y seguridad vial a m\u00e1s de 100 veh\u00edculos que cruzan por nuestra frontera con destino al sur de M\u00e9xico.<\/p>\n<p>#ReynosaImparable<br \/>\n#GobiernoMunicipalDeReynosa<\/p>\n<p><img loading=\"lazy\" decoding=\"async\" class=\"aligncenter size-full wp-image-193707\" src=\"https:\/\/www.buroperiodistico.com.mx\/wp-content\/uploads\/2025\/12\/Paiaxa-I.jpeg\" alt=\"\" width=\"640\" height=\"480\" srcset=\"https:\/\/www.buroperiodistico.com.mx\/wp-content\/uploads\/2025\/12\/Paiaxa-I.jpeg 640w, https:\/\/www.buroperiodistico.com.mx\/wp-content\/uploads\/2025\/12\/Paiaxa-I-300x225.jpeg 300w\" sizes=\"auto, (max-width: 640px) 100vw, 640px\" \/> <img loading=\"lazy\" decoding=\"async\" class=\"aligncenter size-full wp-image-193708\" src=\"https:\/\/www.buroperiodistico.com.mx\/wp-content\/uploads\/2025\/12\/Paiaxa-II.jpeg\" alt=\"\" width=\"640\" height=\"452\" srcset=\"https:\/\/www.buroperiodistico.com.mx\/wp-content\/uploads\/2025\/12\/Paiaxa-II.jpeg 640w, https:\/\/www.buroperiodistico.com.mx\/wp-content\/uploads\/2025\/12\/Paiaxa-II-300x212.jpeg 300w\" sizes=\"auto, (max-width: 640px) 100vw, 640px\" \/><\/p>\n","protected":false},"excerpt":{"rendered":"<p>Reynosa, Tam (24-Diciembre-2025).- La Secretar\u00eda de Seguridad P\u00fablica, Tr\u00e1nsito y Vialidad Municipal del R. Ayuntamiento&#8230;<\/p>\n","protected":false},"author":1,"featured_media":193709,"comment_status":"closed","ping_status":"closed","sticky":false,"template":"","format":"standard","meta":{"footnotes":"","jetpack_publicize_message":"","jetpack_publicize_feature_enabled":true,"jetpack_social_post_already_shared":true,"jetpack_social_options":{"image_generator_settings":{"template":"highway","default_image_id":0,"font":"","enabled":false},"version":2}},"categories":[9],"tags":[],"class_list":["post-193706","post","type-post","status-publish","format-standard","has-post-thumbnail","hentry","category-reynosa"],"jetpack_publicize_connections":[],"_links":{"self":[{"href":"https:\/\/www.buroperiodistico.com.mx\/index.php?rest_route=\/wp\/v2\/posts\/193706","targetHints":{"allow":["GET"]}}],"collection":[{"href":"https:\/\/www.buroperiodistico.com.mx\/index.php?rest_route=\/wp\/v2\/posts"}],"about":[{"href":"https:\/\/www.buroperiodistico.com.mx\/index.php?rest_route=\/wp\/v2\/types\/post"}],"author":[{"embeddable":true,"href":"https:\/\/www.buroperiodistico.com.mx\/index.php?rest_route=\/wp\/v2\/users\/1"}],"replies":[{"embeddable":true,"href":"https:\/\/www.buroperiodistico.com.mx\/index.php?rest_route=%2Fwp%2Fv2%2Fcomments&post=193706"}],"version-history":[{"count":1,"href":"https:\/\/www.buroperiodistico.com.mx\/index.php?rest_route=\/wp\/v2\/posts\/193706\/revisions"}],"predecessor-version":[{"id":193710,"href":"https:\/\/www.buroperiodistico.com.mx\/index.php?rest_route=\/wp\/v2\/posts\/193706\/revisions\/193710"}],"wp:featuredmedia":[{"embeddable":true,"href":"https:\/\/www.buroperiodistico.com.mx\/index.php?rest_route=\/wp\/v2\/media\/193709"}],"wp:attachment":[{"href":"https:\/\/www.buroperiodistico.com.mx\/index.php?rest_route=%2Fwp%2Fv2%2Fmedia&parent=193706"}],"wp:term":[{"taxonomy":"category","embeddable":true,"href":"https:\/\/www.buroperiodistico.com.mx\/index.php?rest_route=%2Fwp%2Fv2%2Fcategories&post=193706"},{"taxonomy":"post_tag","embeddable":true,"href":"https:\/\/www.buroperiodistico.com.mx\/index.php?rest_route=%2Fwp%2Fv2%2Ftags&post=193706"}],"curies":[{"name":"wp","href":"https:\/\/api.w.org\/{rel}","templated":true}]}}