{"id":193703,"date":"2025-12-24T15:52:30","date_gmt":"2025-12-24T21:52:30","guid":{"rendered":"https:\/\/www.buroperiodistico.com.mx\/?p=193703"},"modified":"2025-12-24T15:52:30","modified_gmt":"2025-12-24T21:52:30","slug":"llama-americo-villarreal-a-seguir-avanzando-en-paz-unidad-y-con-esperanza","status":"publish","type":"post","link":"https:\/\/www.buroperiodistico.com.mx\/?p=193703","title":{"rendered":"Llama Am\u00e9rico Villarreal a seguir avanzando en paz, unidad y con esperanza"},"content":{"rendered":"<p><em><strong><img loading=\"lazy\" decoding=\"async\" class=\" wp-image-193704 alignright\" src=\"https:\/\/www.buroperiodistico.com.mx\/wp-content\/uploads\/2025\/12\/LlamaAmerico-1.jpeg\" alt=\"\" width=\"498\" height=\"280\" srcset=\"https:\/\/www.buroperiodistico.com.mx\/wp-content\/uploads\/2025\/12\/LlamaAmerico-1.jpeg 1024w, https:\/\/www.buroperiodistico.com.mx\/wp-content\/uploads\/2025\/12\/LlamaAmerico-1-300x169.jpeg 300w, https:\/\/www.buroperiodistico.com.mx\/wp-content\/uploads\/2025\/12\/LlamaAmerico-1-768x432.jpeg 768w\" sizes=\"auto, (max-width: 498px) 100vw, 498px\" \/>Ciudad Victoria, Tamaulipas (24-Diciembre-2025).-<\/strong><\/em> Al expresar su mensaje con motivo de la navidad, el gobernador Am\u00e9rico Villarreal Anaya asegur\u00f3 que Tamaulipas se distingue por la solidaridad, la empat\u00eda y el humanismo y llam\u00f3 a todas y todos los tamaulipecos a seguir avanzando en paz, unidad y con esperanza.<\/p>\n<p>\u00abLa Navidad es tiempo de amor, de cuidado y de encuentro, es pensar en el bienestar y la alegr\u00eda de los dem\u00e1s, especialmente de quienes m\u00e1s lo necesitan\u00bb, expres\u00f3 el gobernador.<\/p>\n<p>Al desear una feliz navidad a nombre de su esposa, la presidenta del DIF Tamaulipas, Mar\u00eda de Villarreal y de toda su familia, Villarreal Anaya reiter\u00f3 que estas fechas nos invitan a reflexionar, hacer conciencia y a fortalecer los lazos que le dan sentido a la familia, la solidaridad y el humanismo que identifican a Tamaulipas.<\/p>\n<p>\u00abSigamos avanzando juntas y juntos con trabajo honesto y una vocaci\u00f3n de servicio para construir un mejor Tamaulipas\u00bb, exhort\u00f3.<\/p>\n","protected":false},"excerpt":{"rendered":"<p>Ciudad Victoria, Tamaulipas (24-Diciembre-2025).- Al expresar su mensaje con motivo de la navidad, el gobernador&#8230;<\/p>\n","protected":false},"author":1,"featured_media":193704,"comment_status":"closed","ping_status":"closed","sticky":false,"template":"","format":"standard","meta":{"footnotes":"","jetpack_publicize_message":"","jetpack_publicize_feature_enabled":true,"jetpack_social_post_already_shared":true,"jetpack_social_options":{"image_generator_settings":{"template":"highway","default_image_id":0,"font":"","enabled":false},"version":2}},"categories":[25,10],"tags":[],"class_list":["post-193703","post","type-post","status-publish","format-standard","has-post-thumbnail","hentry","category-portada","category-tamaulipas"],"jetpack_publicize_connections":[],"_links":{"self":[{"href":"https:\/\/www.buroperiodistico.com.mx\/index.php?rest_route=\/wp\/v2\/posts\/193703","targetHints":{"allow":["GET"]}}],"collection":[{"href":"https:\/\/www.buroperiodistico.com.mx\/index.php?rest_route=\/wp\/v2\/posts"}],"about":[{"href":"https:\/\/www.buroperiodistico.com.mx\/index.php?rest_route=\/wp\/v2\/types\/post"}],"author":[{"embeddable":true,"href":"https:\/\/www.buroperiodistico.com.mx\/index.php?rest_route=\/wp\/v2\/users\/1"}],"replies":[{"embeddable":true,"href":"https:\/\/www.buroperiodistico.com.mx\/index.php?rest_route=%2Fwp%2Fv2%2Fcomments&post=193703"}],"version-history":[{"count":1,"href":"https:\/\/www.buroperiodistico.com.mx\/index.php?rest_route=\/wp\/v2\/posts\/193703\/revisions"}],"predecessor-version":[{"id":193705,"href":"https:\/\/www.buroperiodistico.com.mx\/index.php?rest_route=\/wp\/v2\/posts\/193703\/revisions\/193705"}],"wp:featuredmedia":[{"embeddable":true,"href":"https:\/\/www.buroperiodistico.com.mx\/index.php?rest_route=\/wp\/v2\/media\/193704"}],"wp:attachment":[{"href":"https:\/\/www.buroperiodistico.com.mx\/index.php?rest_route=%2Fwp%2Fv2%2Fmedia&parent=193703"}],"wp:term":[{"taxonomy":"category","embeddable":true,"href":"https:\/\/www.buroperiodistico.com.mx\/index.php?rest_route=%2Fwp%2Fv2%2Fcategories&post=193703"},{"taxonomy":"post_tag","embeddable":true,"href":"https:\/\/www.buroperiodistico.com.mx\/index.php?rest_route=%2Fwp%2Fv2%2Ftags&post=193703"}],"curies":[{"name":"wp","href":"https:\/\/api.w.org\/{rel}","templated":true}]}}