{"id":193693,"date":"2025-12-24T13:18:33","date_gmt":"2025-12-24T19:18:33","guid":{"rendered":"https:\/\/www.buroperiodistico.com.mx\/?p=193693"},"modified":"2025-12-24T13:18:33","modified_gmt":"2025-12-24T19:18:33","slug":"sener-anuncia-inversion-estrategica-de-358-6-mdd-en-proyectos-electricos-para-tamaulipas","status":"publish","type":"post","link":"https:\/\/www.buroperiodistico.com.mx\/?p=193693","title":{"rendered":"SENER anuncia inversi\u00f3n estrat\u00e9gica de 358.6 MDD en proyectos el\u00e9ctricos para Tamaulipas"},"content":{"rendered":"<p><em><strong><img loading=\"lazy\" decoding=\"async\" class=\" wp-image-193694 alignright\" src=\"https:\/\/www.buroperiodistico.com.mx\/wp-content\/uploads\/2025\/12\/Senerx.jpeg\" alt=\"\" width=\"559\" height=\"314\" srcset=\"https:\/\/www.buroperiodistico.com.mx\/wp-content\/uploads\/2025\/12\/Senerx.jpeg 1024w, https:\/\/www.buroperiodistico.com.mx\/wp-content\/uploads\/2025\/12\/Senerx-300x168.jpeg 300w, https:\/\/www.buroperiodistico.com.mx\/wp-content\/uploads\/2025\/12\/Senerx-768x431.jpeg 768w\" sizes=\"auto, (max-width: 559px) 100vw, 559px\" \/>Ciudad de M\u00e9xico (24-Diciembre-2025).-<\/strong><\/em> La Secretar\u00eda de Energ\u00eda present\u00f3 los resultados de la convocatoria para la atenci\u00f3n prioritaria de proyectos de generaci\u00f3n el\u00e9ctrica, destacando a Tamaulipas como entidad clave para la soberan\u00eda y transici\u00f3n energ\u00e9tica del pa\u00eds.<\/p>\n<p>Como parte de la Planeaci\u00f3n Vinculante 2025, se otorg\u00f3 prioridad a dos proyectos fundamentales en territorio tamaulipeco que sumar\u00e1n 240 MW de energ\u00eda limpia al Sistema El\u00e9ctrico Nacional (SEN).<\/p>\n<p>El primero ser\u00e1 el parque e\u00f3lico EPM E\u00f3lica 24, ubicado en ciudad Mier, que sumar\u00e1 130 MW, y construido por la empresa Revolve Renewable Power; el otro es un parque fotovoltaico que ser\u00e1 destinado en Altamira, dirigido por la empresa Solarig M\u00e9xico, sumando 110 MW.<\/p>\n<p>Asimismo, se confirmaron los avances del Plan de Expansi\u00f3n de la CFE 2025\u20132030, reportando que la Central de Ciclo Combinado (CCC) Altamira se encuentra en fase de ingenier\u00eda (b\u00e1sica y de detalle), con el objetivo de iniciar su construcci\u00f3n a la brevedad.<\/p>\n<p>Con estas acciones, Tamaulipas se consolida como el referente nacional en generaci\u00f3n el\u00e9ctrica confiable, impulsando la justicia energ\u00e9tica y el desarrollo econ\u00f3mico regional bajo criterios de sostenibilidad y eficiencia.<\/p>\n","protected":false},"excerpt":{"rendered":"<p>Ciudad de M\u00e9xico (24-Diciembre-2025).- La Secretar\u00eda de Energ\u00eda present\u00f3 los resultados de la convocatoria para&#8230;<\/p>\n","protected":false},"author":1,"featured_media":193694,"comment_status":"closed","ping_status":"closed","sticky":false,"template":"","format":"standard","meta":{"footnotes":"","jetpack_publicize_message":"","jetpack_publicize_feature_enabled":true,"jetpack_social_post_already_shared":true,"jetpack_social_options":{"image_generator_settings":{"template":"highway","default_image_id":0,"font":"","enabled":false},"version":2}},"categories":[10],"tags":[],"class_list":["post-193693","post","type-post","status-publish","format-standard","has-post-thumbnail","hentry","category-tamaulipas"],"jetpack_publicize_connections":[],"_links":{"self":[{"href":"https:\/\/www.buroperiodistico.com.mx\/index.php?rest_route=\/wp\/v2\/posts\/193693","targetHints":{"allow":["GET"]}}],"collection":[{"href":"https:\/\/www.buroperiodistico.com.mx\/index.php?rest_route=\/wp\/v2\/posts"}],"about":[{"href":"https:\/\/www.buroperiodistico.com.mx\/index.php?rest_route=\/wp\/v2\/types\/post"}],"author":[{"embeddable":true,"href":"https:\/\/www.buroperiodistico.com.mx\/index.php?rest_route=\/wp\/v2\/users\/1"}],"replies":[{"embeddable":true,"href":"https:\/\/www.buroperiodistico.com.mx\/index.php?rest_route=%2Fwp%2Fv2%2Fcomments&post=193693"}],"version-history":[{"count":1,"href":"https:\/\/www.buroperiodistico.com.mx\/index.php?rest_route=\/wp\/v2\/posts\/193693\/revisions"}],"predecessor-version":[{"id":193695,"href":"https:\/\/www.buroperiodistico.com.mx\/index.php?rest_route=\/wp\/v2\/posts\/193693\/revisions\/193695"}],"wp:featuredmedia":[{"embeddable":true,"href":"https:\/\/www.buroperiodistico.com.mx\/index.php?rest_route=\/wp\/v2\/media\/193694"}],"wp:attachment":[{"href":"https:\/\/www.buroperiodistico.com.mx\/index.php?rest_route=%2Fwp%2Fv2%2Fmedia&parent=193693"}],"wp:term":[{"taxonomy":"category","embeddable":true,"href":"https:\/\/www.buroperiodistico.com.mx\/index.php?rest_route=%2Fwp%2Fv2%2Fcategories&post=193693"},{"taxonomy":"post_tag","embeddable":true,"href":"https:\/\/www.buroperiodistico.com.mx\/index.php?rest_route=%2Fwp%2Fv2%2Ftags&post=193693"}],"curies":[{"name":"wp","href":"https:\/\/api.w.org\/{rel}","templated":true}]}}