{"id":193671,"date":"2025-12-24T11:55:35","date_gmt":"2025-12-24T17:55:35","guid":{"rendered":"https:\/\/www.buroperiodistico.com.mx\/?p=193671"},"modified":"2025-12-24T11:55:35","modified_gmt":"2025-12-24T17:55:35","slug":"suman-esfuerzos-dif-reynosa-y-voluntariado-para-brindar-abrigo-y-apoyo-a-adultos-mayores-del-cedes","status":"publish","type":"post","link":"https:\/\/www.buroperiodistico.com.mx\/?p=193671","title":{"rendered":"Suman esfuerzos DIF Reynosa y Voluntariado para brindar abrigo y apoyo a adultos mayores del CEDES"},"content":{"rendered":"<p><em><strong><img loading=\"lazy\" decoding=\"async\" class=\" wp-image-193674 alignright\" src=\"https:\/\/www.buroperiodistico.com.mx\/wp-content\/uploads\/2025\/12\/CEDEX.jpeg\" alt=\"\" width=\"525\" height=\"335\" srcset=\"https:\/\/www.buroperiodistico.com.mx\/wp-content\/uploads\/2025\/12\/CEDEX.jpeg 1024w, https:\/\/www.buroperiodistico.com.mx\/wp-content\/uploads\/2025\/12\/CEDEX-300x191.jpeg 300w, https:\/\/www.buroperiodistico.com.mx\/wp-content\/uploads\/2025\/12\/CEDEX-768x490.jpeg 768w\" sizes=\"auto, (max-width: 525px) 100vw, 525px\" \/>Reynosa, Tam (24-Diciembre-2025).-<\/strong><\/em> El Sistema DIF Reynosa, que preside Carlos Luis Pe\u00f1a Garza, a trav\u00e9s del Voluntariado DIF, que encabeza Alejandra Yelitza Garza, realiz\u00f3 entrega de apoyos para adultos mayores del Centro de Ejecuci\u00f3n de Sanciones, reafirmando su compromiso de atender a los sectores que m\u00e1s lo necesitan mediante acciones de cercan\u00eda y apoyo social.<\/p>\n<p>En coordinaci\u00f3n con la empresa Kohler, se realiz\u00f3 la entrega de cobijas y kits de higiene personal, con el objetivo de brindar abrigo a las personas adultas mayores que se encuentran en este centro.<\/p>\n<p>El DIF-Reynosa continuar\u00e1 impulsando alianzas con la iniciativa privada y la sociedad civil para seguir construyendo una comunidad m\u00e1s solidaria, humana y comprometida con el bienestar de las familias.<\/p>\n<p><img loading=\"lazy\" decoding=\"async\" class=\"aligncenter size-full wp-image-193672\" src=\"https:\/\/www.buroperiodistico.com.mx\/wp-content\/uploads\/2025\/12\/CEDEX-I.jpeg\" alt=\"\" width=\"640\" height=\"427\" srcset=\"https:\/\/www.buroperiodistico.com.mx\/wp-content\/uploads\/2025\/12\/CEDEX-I.jpeg 640w, https:\/\/www.buroperiodistico.com.mx\/wp-content\/uploads\/2025\/12\/CEDEX-I-300x200.jpeg 300w\" sizes=\"auto, (max-width: 640px) 100vw, 640px\" \/> <img loading=\"lazy\" decoding=\"async\" class=\"aligncenter size-full wp-image-193673\" src=\"https:\/\/www.buroperiodistico.com.mx\/wp-content\/uploads\/2025\/12\/CEDEX-II.jpeg\" alt=\"\" width=\"640\" height=\"427\" srcset=\"https:\/\/www.buroperiodistico.com.mx\/wp-content\/uploads\/2025\/12\/CEDEX-II.jpeg 640w, https:\/\/www.buroperiodistico.com.mx\/wp-content\/uploads\/2025\/12\/CEDEX-II-300x200.jpeg 300w\" sizes=\"auto, (max-width: 640px) 100vw, 640px\" \/><\/p>\n","protected":false},"excerpt":{"rendered":"<p>Reynosa, Tam (24-Diciembre-2025).- El Sistema DIF Reynosa, que preside Carlos Luis Pe\u00f1a Garza, a trav\u00e9s&#8230;<\/p>\n","protected":false},"author":1,"featured_media":193674,"comment_status":"closed","ping_status":"closed","sticky":false,"template":"","format":"standard","meta":{"footnotes":"","jetpack_publicize_message":"","jetpack_publicize_feature_enabled":true,"jetpack_social_post_already_shared":true,"jetpack_social_options":{"image_generator_settings":{"template":"highway","default_image_id":0,"font":"","enabled":false},"version":2}},"categories":[9],"tags":[],"class_list":["post-193671","post","type-post","status-publish","format-standard","has-post-thumbnail","hentry","category-reynosa"],"jetpack_publicize_connections":[],"_links":{"self":[{"href":"https:\/\/www.buroperiodistico.com.mx\/index.php?rest_route=\/wp\/v2\/posts\/193671","targetHints":{"allow":["GET"]}}],"collection":[{"href":"https:\/\/www.buroperiodistico.com.mx\/index.php?rest_route=\/wp\/v2\/posts"}],"about":[{"href":"https:\/\/www.buroperiodistico.com.mx\/index.php?rest_route=\/wp\/v2\/types\/post"}],"author":[{"embeddable":true,"href":"https:\/\/www.buroperiodistico.com.mx\/index.php?rest_route=\/wp\/v2\/users\/1"}],"replies":[{"embeddable":true,"href":"https:\/\/www.buroperiodistico.com.mx\/index.php?rest_route=%2Fwp%2Fv2%2Fcomments&post=193671"}],"version-history":[{"count":1,"href":"https:\/\/www.buroperiodistico.com.mx\/index.php?rest_route=\/wp\/v2\/posts\/193671\/revisions"}],"predecessor-version":[{"id":193675,"href":"https:\/\/www.buroperiodistico.com.mx\/index.php?rest_route=\/wp\/v2\/posts\/193671\/revisions\/193675"}],"wp:featuredmedia":[{"embeddable":true,"href":"https:\/\/www.buroperiodistico.com.mx\/index.php?rest_route=\/wp\/v2\/media\/193674"}],"wp:attachment":[{"href":"https:\/\/www.buroperiodistico.com.mx\/index.php?rest_route=%2Fwp%2Fv2%2Fmedia&parent=193671"}],"wp:term":[{"taxonomy":"category","embeddable":true,"href":"https:\/\/www.buroperiodistico.com.mx\/index.php?rest_route=%2Fwp%2Fv2%2Fcategories&post=193671"},{"taxonomy":"post_tag","embeddable":true,"href":"https:\/\/www.buroperiodistico.com.mx\/index.php?rest_route=%2Fwp%2Fv2%2Ftags&post=193671"}],"curies":[{"name":"wp","href":"https:\/\/api.w.org\/{rel}","templated":true}]}}