{"id":193656,"date":"2025-12-24T11:32:34","date_gmt":"2025-12-24T17:32:34","guid":{"rendered":"https:\/\/www.buroperiodistico.com.mx\/?p=193656"},"modified":"2025-12-24T11:32:34","modified_gmt":"2025-12-24T17:32:34","slug":"pierde-mexico-soberania-alimentaria-en-2025","status":"publish","type":"post","link":"https:\/\/www.buroperiodistico.com.mx\/?p=193656","title":{"rendered":"PIERDE M\u00c9XICO SOBERAN\u00cdA ALIMENTARIA EN 2025"},"content":{"rendered":"<p><em><strong>Por: Tonatiuh Qui\u00f1ones Osorio<\/strong><\/em><\/p>\n<p><em><strong>CDMX (24-Diciembre-2025).-<\/strong><\/em> M\u00e9xico rompi\u00f3 r\u00e9cord en importaci\u00f3n de granos. Y casi nadie lo not\u00f3 en esta red\u2026<\/p>\n<p>Mientras habl\u00e1bamos de lluvias, precios, elecciones y discursos, pas\u00f3 algo m\u00e1s grande \u2014y m\u00e1s silencioso\u2014:<img loading=\"lazy\" decoding=\"async\" class=\"size-full wp-image-193657 alignright\" src=\"https:\/\/www.buroperiodistico.com.mx\/wp-content\/uploads\/2025\/12\/Mexicox-I.jpg\" alt=\"\" width=\"480\" height=\"480\" srcset=\"https:\/\/www.buroperiodistico.com.mx\/wp-content\/uploads\/2025\/12\/Mexicox-I.jpg 480w, https:\/\/www.buroperiodistico.com.mx\/wp-content\/uploads\/2025\/12\/Mexicox-I-300x300.jpg 300w, https:\/\/www.buroperiodistico.com.mx\/wp-content\/uploads\/2025\/12\/Mexicox-I-150x150.jpg 150w\" sizes=\"auto, (max-width: 480px) 100vw, 480px\" \/><br \/>\nen solo 11 meses M\u00e9xico import\u00f3 43.6 millones de toneladas de granos.<\/p>\n<p>Un r\u00e9cord hist\u00f3rico.<br \/>\nSegundo importador mundial.<br \/>\nSolo detr\u00e1s de China.<\/p>\n<p>El ma\u00edz volvi\u00f3 a cargar la historia.<br \/>\nEl sorgo se dispar\u00f3 como nunca.<br \/>\nLa soya subi\u00f3.<br \/>\nEl frijol retrocedi\u00f3.<\/p>\n<p>No es una an\u00e9cdota estad\u00edstica.<br \/>\nEs una se\u00f1al.<\/p>\n<p>Porque cuando el pa\u00eds come lo que compra afuera, la seguridad alimentaria deja de sembrarse y empieza a cotizarse. Y ah\u00ed, el margen de error es m\u00ednimo.<\/p>\n<p>No fue solo la sequ\u00eda.<br \/>\nNo fueron solo los precios internacionales.<br \/>\nTampoco una mala temporada.<\/p>\n<p>Fue una estructura productiva que se fue debilitando mientras nos acostumbramos a resolver el corto plazo importando el largo plazo.<\/p>\n<p>Hoy el abasto depende m\u00e1s del mercado global que del campo nacional.<br \/>\nY eso, tarde o temprano, se cobra.<\/p>\n<p>\ud83d\udccc Fuente: La Jornada, jueves.<br \/>\n\ud83d\udcca Datos: Grupo Consultor de Mercados Agr\u00edcolas (GCMA).<\/p>\n","protected":false},"excerpt":{"rendered":"<p>Por: Tonatiuh Qui\u00f1ones Osorio CDMX (24-Diciembre-2025).- M\u00e9xico rompi\u00f3 r\u00e9cord en importaci\u00f3n de granos. Y casi&#8230;<\/p>\n","protected":false},"author":1,"featured_media":193658,"comment_status":"closed","ping_status":"closed","sticky":false,"template":"","format":"standard","meta":{"footnotes":"","jetpack_publicize_message":"","jetpack_publicize_feature_enabled":true,"jetpack_social_post_already_shared":true,"jetpack_social_options":{"image_generator_settings":{"template":"highway","default_image_id":0,"font":"","enabled":false},"version":2}},"categories":[11],"tags":[],"class_list":["post-193656","post","type-post","status-publish","format-standard","has-post-thumbnail","hentry","category-nacional"],"jetpack_publicize_connections":[],"_links":{"self":[{"href":"https:\/\/www.buroperiodistico.com.mx\/index.php?rest_route=\/wp\/v2\/posts\/193656","targetHints":{"allow":["GET"]}}],"collection":[{"href":"https:\/\/www.buroperiodistico.com.mx\/index.php?rest_route=\/wp\/v2\/posts"}],"about":[{"href":"https:\/\/www.buroperiodistico.com.mx\/index.php?rest_route=\/wp\/v2\/types\/post"}],"author":[{"embeddable":true,"href":"https:\/\/www.buroperiodistico.com.mx\/index.php?rest_route=\/wp\/v2\/users\/1"}],"replies":[{"embeddable":true,"href":"https:\/\/www.buroperiodistico.com.mx\/index.php?rest_route=%2Fwp%2Fv2%2Fcomments&post=193656"}],"version-history":[{"count":1,"href":"https:\/\/www.buroperiodistico.com.mx\/index.php?rest_route=\/wp\/v2\/posts\/193656\/revisions"}],"predecessor-version":[{"id":193659,"href":"https:\/\/www.buroperiodistico.com.mx\/index.php?rest_route=\/wp\/v2\/posts\/193656\/revisions\/193659"}],"wp:featuredmedia":[{"embeddable":true,"href":"https:\/\/www.buroperiodistico.com.mx\/index.php?rest_route=\/wp\/v2\/media\/193658"}],"wp:attachment":[{"href":"https:\/\/www.buroperiodistico.com.mx\/index.php?rest_route=%2Fwp%2Fv2%2Fmedia&parent=193656"}],"wp:term":[{"taxonomy":"category","embeddable":true,"href":"https:\/\/www.buroperiodistico.com.mx\/index.php?rest_route=%2Fwp%2Fv2%2Fcategories&post=193656"},{"taxonomy":"post_tag","embeddable":true,"href":"https:\/\/www.buroperiodistico.com.mx\/index.php?rest_route=%2Fwp%2Fv2%2Ftags&post=193656"}],"curies":[{"name":"wp","href":"https:\/\/api.w.org\/{rel}","templated":true}]}}