{"id":193631,"date":"2025-12-23T19:15:28","date_gmt":"2025-12-24T01:15:28","guid":{"rendered":"https:\/\/www.buroperiodistico.com.mx\/?p=193631"},"modified":"2025-12-23T19:15:28","modified_gmt":"2025-12-24T01:15:28","slug":"invita-presidenta-municipal-carmen-lilia-canturosas-a-vivir-una-navidad-en-paz-union-y-esperanza","status":"publish","type":"post","link":"https:\/\/www.buroperiodistico.com.mx\/?p=193631","title":{"rendered":"INVITA PRESIDENTA MUNICIPAL CARMEN LILIA CANTUROSAS A VIVIR UNA NAVIDAD EN PAZ, UNI\u00d3N Y ESPERANZA"},"content":{"rendered":"<p><em><strong><img loading=\"lazy\" decoding=\"async\" class=\" wp-image-193633 alignright\" src=\"https:\/\/www.buroperiodistico.com.mx\/wp-content\/uploads\/2025\/12\/CLCR-1.jpeg\" alt=\"\" width=\"543\" height=\"366\" srcset=\"https:\/\/www.buroperiodistico.com.mx\/wp-content\/uploads\/2025\/12\/CLCR-1.jpeg 1024w, https:\/\/www.buroperiodistico.com.mx\/wp-content\/uploads\/2025\/12\/CLCR-1-300x202.jpeg 300w, https:\/\/www.buroperiodistico.com.mx\/wp-content\/uploads\/2025\/12\/CLCR-1-768x518.jpeg 768w\" sizes=\"auto, (max-width: 543px) 100vw, 543px\" \/>Nuevo Laredo, Tam (23-Diciembre-2025).-<\/strong><\/em>\u00a0En el marco de las celebraciones de Navidad y Nochebuena, la presidenta municipal de Nuevo Laredo, Carmen Lilia Canturosas Villarreal, hizo un llamado a las y los neolaredenses a disfrutar estas fechas con sus seres queridos, en un ambiente de paz, armon\u00eda y responsabilidad, resaltando que la Navidad es un tiempo para compartir, reflexionar y fortalecer los lazos familiares.<\/p>\n<p>La alcaldesa destac\u00f3 que estas celebraciones representan una oportunidad para reencontrarse, valorar lo que se ha construido en comunidad y renovar la esperanza en un mejor futuro, al tiempo que invit\u00f3 a la ciudadan\u00eda a disfrutar de su ciudad, de sus espacios p\u00fablicos y de las actividades que hacen de Nuevo Laredo un lugar vivo y acogedor.<\/p>\n<p>\u201cDeseo que esta Navidad est\u00e9 llena de bienestar, uni\u00f3n y esperanza en cada hogar. Desde el Gobierno Municipal seguiremos trabajando con cercan\u00eda y compromiso para que las familias neolaredenses vivan con tranquilidad, seguridad y m\u00e1s oportunidades\u201d, expres\u00f3.<\/p>\n<p>Canturosas Villarreal reiter\u00f3 que su administraci\u00f3n mantiene firme el compromiso de velar por el bienestar de la ciudadan\u00eda, promoviendo valores como el respeto, la solidaridad y la corresponsabilidad social, pilares fundamentales de la transformaci\u00f3n que vive Nuevo Laredo.<\/p>\n<p>Finalmente, invit\u00f3 a la poblaci\u00f3n a celebrar estas fechas con prudencia, confianza y esp\u00edritu positivo, convencida de que, unidos, Nuevo Laredo continuar\u00e1 avanzando con paz, prosperidad y un futuro mejor para todas y todos.<\/p>\n<p><img loading=\"lazy\" decoding=\"async\" class=\"aligncenter size-full wp-image-193632\" src=\"https:\/\/www.buroperiodistico.com.mx\/wp-content\/uploads\/2025\/12\/CLCR-I-1.jpeg\" alt=\"\" width=\"640\" height=\"427\" srcset=\"https:\/\/www.buroperiodistico.com.mx\/wp-content\/uploads\/2025\/12\/CLCR-I-1.jpeg 640w, https:\/\/www.buroperiodistico.com.mx\/wp-content\/uploads\/2025\/12\/CLCR-I-1-300x200.jpeg 300w\" sizes=\"auto, (max-width: 640px) 100vw, 640px\" \/><\/p>\n","protected":false},"excerpt":{"rendered":"<p>Nuevo Laredo, Tam (23-Diciembre-2025).-\u00a0En el marco de las celebraciones de Navidad y Nochebuena, la presidenta&#8230;<\/p>\n","protected":false},"author":1,"featured_media":193633,"comment_status":"closed","ping_status":"closed","sticky":false,"template":"","format":"standard","meta":{"footnotes":"","jetpack_publicize_message":"","jetpack_publicize_feature_enabled":true,"jetpack_social_post_already_shared":true,"jetpack_social_options":{"image_generator_settings":{"template":"highway","default_image_id":0,"font":"","enabled":false},"version":2}},"categories":[16],"tags":[],"class_list":["post-193631","post","type-post","status-publish","format-standard","has-post-thumbnail","hentry","category-nuevolaredo"],"jetpack_publicize_connections":[],"_links":{"self":[{"href":"https:\/\/www.buroperiodistico.com.mx\/index.php?rest_route=\/wp\/v2\/posts\/193631","targetHints":{"allow":["GET"]}}],"collection":[{"href":"https:\/\/www.buroperiodistico.com.mx\/index.php?rest_route=\/wp\/v2\/posts"}],"about":[{"href":"https:\/\/www.buroperiodistico.com.mx\/index.php?rest_route=\/wp\/v2\/types\/post"}],"author":[{"embeddable":true,"href":"https:\/\/www.buroperiodistico.com.mx\/index.php?rest_route=\/wp\/v2\/users\/1"}],"replies":[{"embeddable":true,"href":"https:\/\/www.buroperiodistico.com.mx\/index.php?rest_route=%2Fwp%2Fv2%2Fcomments&post=193631"}],"version-history":[{"count":2,"href":"https:\/\/www.buroperiodistico.com.mx\/index.php?rest_route=\/wp\/v2\/posts\/193631\/revisions"}],"predecessor-version":[{"id":193635,"href":"https:\/\/www.buroperiodistico.com.mx\/index.php?rest_route=\/wp\/v2\/posts\/193631\/revisions\/193635"}],"wp:featuredmedia":[{"embeddable":true,"href":"https:\/\/www.buroperiodistico.com.mx\/index.php?rest_route=\/wp\/v2\/media\/193633"}],"wp:attachment":[{"href":"https:\/\/www.buroperiodistico.com.mx\/index.php?rest_route=%2Fwp%2Fv2%2Fmedia&parent=193631"}],"wp:term":[{"taxonomy":"category","embeddable":true,"href":"https:\/\/www.buroperiodistico.com.mx\/index.php?rest_route=%2Fwp%2Fv2%2Fcategories&post=193631"},{"taxonomy":"post_tag","embeddable":true,"href":"https:\/\/www.buroperiodistico.com.mx\/index.php?rest_route=%2Fwp%2Fv2%2Ftags&post=193631"}],"curies":[{"name":"wp","href":"https:\/\/api.w.org\/{rel}","templated":true}]}}