{"id":193625,"date":"2025-12-23T17:05:52","date_gmt":"2025-12-23T23:05:52","guid":{"rendered":"https:\/\/www.buroperiodistico.com.mx\/?p=193625"},"modified":"2025-12-23T17:05:52","modified_gmt":"2025-12-23T23:05:52","slug":"tribunal-ampara-en-definitiva-a-eugenio-hernandez-contra-solicitud-de-extradicion","status":"publish","type":"post","link":"https:\/\/www.buroperiodistico.com.mx\/?p=193625","title":{"rendered":"Tribunal ampara en definitiva a Eugenio Hern\u00e1ndez contra solicitud de extradici\u00f3n"},"content":{"rendered":"<p><em><strong><img loading=\"lazy\" decoding=\"async\" class=\" wp-image-193626 alignright\" src=\"https:\/\/www.buroperiodistico.com.mx\/wp-content\/uploads\/2025\/12\/Tribux.jpeg\" alt=\"\" width=\"333\" height=\"216\" srcset=\"https:\/\/www.buroperiodistico.com.mx\/wp-content\/uploads\/2025\/12\/Tribux.jpeg 1024w, https:\/\/www.buroperiodistico.com.mx\/wp-content\/uploads\/2025\/12\/Tribux-300x195.jpeg 300w, https:\/\/www.buroperiodistico.com.mx\/wp-content\/uploads\/2025\/12\/Tribux-768x498.jpeg 768w\" sizes=\"auto, (max-width: 333px) 100vw, 333px\" \/>Ciudad Victoria, Tamaulipas (23-Diciembre-2025).-<\/strong><\/em> Tal como lo plante\u00f3 hace siete a\u00f1os el juez de control Eucario Adame P\u00e9rez, hoy la justicia federal confirm\u00f3 que la extradici\u00f3n resultaba constitucionalmente improcedente.<\/p>\n<p>En 2018, el juzgador federal sostuvo que entregar al exgobernador violaba el art\u00edculo 109, fracci\u00f3n II, de la Constituci\u00f3n mexicana.<\/p>\n<p>Ese mismo razonamiento fue retomado y, posteriormente, votado a favor en el pleno del Primer Tribunal Colegiado en Materia Penal y del Trabajo.<\/p>\n<p>Dicho \u00f3rgano resolvi\u00f3 el amparo en revisi\u00f3n 329\/2018, confirmando que la protecci\u00f3n constitucional deb\u00eda concederse de manera definitiva.<\/p>\n<p>Durante la sesi\u00f3n se record\u00f3 que Eugenio Hern\u00e1ndez Flores ya hab\u00eda sido juzgado en M\u00e9xico por los mismos presuntos delitos y que nadie puede ser juzgado dos veces por los mismos hechos.<\/p>\n<p>Con esta determinaci\u00f3n, el Tribunal cerr\u00f3 un litigio que se extendi\u00f3 por m\u00e1s de seis a\u00f1os en distintas instancias federales.<\/p>\n<p>Adem\u00e1s, el fallo protege a Eugenio Hern\u00e1ndez Flores, quien era requerido por autoridades estadounidenses por asociaci\u00f3n delictuosa y lavado de dinero.<\/p>\n<p>Durante el an\u00e1lisis de fondo, el Tribunal valid\u00f3 los argumentos de la defensa y confirm\u00f3 la procedencia del amparo constitucional.<\/p>\n<p>As\u00ed, el amparo Eugenio Hern\u00e1ndez impide cualquier entrega a autoridades extranjeras.<\/p>\n","protected":false},"excerpt":{"rendered":"<p>Ciudad Victoria, Tamaulipas (23-Diciembre-2025).- Tal como lo plante\u00f3 hace siete a\u00f1os el juez de control&#8230;<\/p>\n","protected":false},"author":1,"featured_media":193626,"comment_status":"closed","ping_status":"closed","sticky":false,"template":"","format":"standard","meta":{"footnotes":"","jetpack_publicize_message":"","jetpack_publicize_feature_enabled":true,"jetpack_social_post_already_shared":true,"jetpack_social_options":{"image_generator_settings":{"template":"highway","default_image_id":0,"font":"","enabled":false},"version":2}},"categories":[17],"tags":[],"class_list":["post-193625","post","type-post","status-publish","format-standard","has-post-thumbnail","hentry","category-ciudadvictoria"],"jetpack_publicize_connections":[],"_links":{"self":[{"href":"https:\/\/www.buroperiodistico.com.mx\/index.php?rest_route=\/wp\/v2\/posts\/193625","targetHints":{"allow":["GET"]}}],"collection":[{"href":"https:\/\/www.buroperiodistico.com.mx\/index.php?rest_route=\/wp\/v2\/posts"}],"about":[{"href":"https:\/\/www.buroperiodistico.com.mx\/index.php?rest_route=\/wp\/v2\/types\/post"}],"author":[{"embeddable":true,"href":"https:\/\/www.buroperiodistico.com.mx\/index.php?rest_route=\/wp\/v2\/users\/1"}],"replies":[{"embeddable":true,"href":"https:\/\/www.buroperiodistico.com.mx\/index.php?rest_route=%2Fwp%2Fv2%2Fcomments&post=193625"}],"version-history":[{"count":1,"href":"https:\/\/www.buroperiodistico.com.mx\/index.php?rest_route=\/wp\/v2\/posts\/193625\/revisions"}],"predecessor-version":[{"id":193627,"href":"https:\/\/www.buroperiodistico.com.mx\/index.php?rest_route=\/wp\/v2\/posts\/193625\/revisions\/193627"}],"wp:featuredmedia":[{"embeddable":true,"href":"https:\/\/www.buroperiodistico.com.mx\/index.php?rest_route=\/wp\/v2\/media\/193626"}],"wp:attachment":[{"href":"https:\/\/www.buroperiodistico.com.mx\/index.php?rest_route=%2Fwp%2Fv2%2Fmedia&parent=193625"}],"wp:term":[{"taxonomy":"category","embeddable":true,"href":"https:\/\/www.buroperiodistico.com.mx\/index.php?rest_route=%2Fwp%2Fv2%2Fcategories&post=193625"},{"taxonomy":"post_tag","embeddable":true,"href":"https:\/\/www.buroperiodistico.com.mx\/index.php?rest_route=%2Fwp%2Fv2%2Ftags&post=193625"}],"curies":[{"name":"wp","href":"https:\/\/api.w.org\/{rel}","templated":true}]}}