{"id":193622,"date":"2025-12-23T17:04:49","date_gmt":"2025-12-23T23:04:49","guid":{"rendered":"https:\/\/www.buroperiodistico.com.mx\/?p=193622"},"modified":"2025-12-23T17:04:49","modified_gmt":"2025-12-23T23:04:49","slug":"fue-injusto-y-abusivo-cabeza-de-vaca-al-meter-en-prision-a-geno-usted-que-opina","status":"publish","type":"post","link":"https:\/\/www.buroperiodistico.com.mx\/?p=193622","title":{"rendered":"Fue injusto y abusivo Cabeza de Vaca al meter en prisi\u00f3n a Ge\u00f1o?&#8230;. \u00bfUsted que opina?"},"content":{"rendered":"<div class=\"xdj266r x14z9mp xat24cr x1lziwak x1vvkbs x126k92a\">\n<ul>\n<li dir=\"auto\"><strong><em>Ampara un Tribunal contra extradici\u00f3n a GE\u00d1O Hern\u00e1ndez<\/em><\/strong><\/li>\n<\/ul>\n<div dir=\"auto\"><strong>Por Ren\u00e9 Mart\u00ednez Bravo<\/strong><\/div>\n<\/div>\n<div class=\"x14z9mp xat24cr x1lziwak x1vvkbs xtlvy1s x126k92a\">\n<div dir=\"auto\"><\/div>\n<div dir=\"auto\"><em><strong><img loading=\"lazy\" decoding=\"async\" class=\" wp-image-193623 alignright\" src=\"https:\/\/www.buroperiodistico.com.mx\/wp-content\/uploads\/2025\/12\/Genzx.jpg\" alt=\"\" width=\"486\" height=\"286\" srcset=\"https:\/\/www.buroperiodistico.com.mx\/wp-content\/uploads\/2025\/12\/Genzx.jpg 1024w, https:\/\/www.buroperiodistico.com.mx\/wp-content\/uploads\/2025\/12\/Genzx-300x176.jpg 300w, https:\/\/www.buroperiodistico.com.mx\/wp-content\/uploads\/2025\/12\/Genzx-768x452.jpg 768w\" sizes=\"auto, (max-width: 486px) 100vw, 486px\" \/>(23-Diciembre-2025).-<\/strong><\/em> Eugenio \u00abGe\u00f1o\u00bb Hern\u00e1ndez Flores, exgobernador de Tamaulipas 2005-10 ha sido hoy amparado en definitiva en contra de la extradici\u00f3n por un tribunal.<\/div>\n<\/div>\n<div class=\"x14z9mp xat24cr x1lziwak x1vvkbs xtlvy1s x126k92a\">\n<div dir=\"auto\"><\/div>\n<div dir=\"auto\">\u00abEl Ge\u00f1o\u00bb, durante su gesti\u00f3n estuvo a punto de meter a la c\u00e1rcel a Francisco Garc\u00eda Cabeza de Vaca, quien fue alcalde en ese entonces de Reynosa, Tamaulipas.<\/div>\n<\/div>\n<div class=\"x14z9mp xat24cr x1lziwak x1vvkbs xtlvy1s x126k92a\">\n<div dir=\"auto\"><\/div>\n<div dir=\"auto\">Y es que tuvieron problemas y dificultades graves debido a la disputa y derecho de manejar a COMAPA de ese municipio, pero adem\u00e1s, Cabeza de Vaca estaba siendo acusado, se\u00f1alado de presuntamente cometer varios delito.<\/div>\n<\/div>\n<div class=\"x14z9mp xat24cr x1lziwak x1vvkbs xtlvy1s x126k92a\">\n<div dir=\"auto\"><\/div>\n<div dir=\"auto\">Algunas versiones manejan que el gobernador Eugenio Hern\u00e1ndez \u00ablo perdon\u00f3\u00bb debido a ciertas presiones desde la c\u00faspide del poder.<\/div>\n<\/div>\n<div class=\"x14z9mp xat24cr x1lziwak x1vvkbs xtlvy1s x126k92a\">\n<div dir=\"auto\"><\/div>\n<div dir=\"auto\">El resto lo conocemos, cuando Cabeza de Vaca toma el poder en Tamaulipas, vengativo como es, sin olvidar el pasado, meti\u00f3 a la c\u00e1rcel al Ge\u00f1o por delitos que al final fueron echados abajo por falta de sustento.<\/div>\n<\/div>\n<div class=\"x14z9mp xat24cr x1lziwak x1vvkbs xtlvy1s x126k92a\">\n<div dir=\"auto\"><\/div>\n<div dir=\"auto\">La vida da vueltas, ahora el Ge\u00f1o disfruta de su libertad y su verdugo en autoexilio huye de la justicia mexicana, y quien siempre presumi\u00f3 de ser inocente, no regresa a M\u00e9xico no por la feria, es m\u00e1s, ni siquiera entreg\u00f3 su administraci\u00f3n al nuevo gobierno, y dijo que ni miedo ten\u00eda, su actitud demostr\u00f3 que estaba aterrado a que me aplicar\u00e1n la ley de todos los delitos que ahora lo acusan.<\/div>\n<\/div>\n<div class=\"x14z9mp xat24cr x1lziwak x1vvkbs xtlvy1s x126k92a\">\n<div dir=\"auto\"><\/div>\n<div dir=\"auto\">Ahora, siete a\u00f1os despu\u00e9s, un tribunal le da la raz\u00f3n al juez de control Eucario Adame P\u00e9rez, al confirmar la justicia federal que la extradici\u00f3n resultaba constitucionalmente improcedente.<\/div>\n<\/div>\n<div class=\"x14z9mp xat24cr x1lziwak x1vvkbs xtlvy1s x126k92a\">\n<div dir=\"auto\"><\/div>\n<div dir=\"auto\">En 2018, el juzgador federal sostuvo que entregar al exgobernador violaba el art\u00edculo 109, fracci\u00f3n II, de la Constituci\u00f3n mexicana.<\/div>\n<\/div>\n<div class=\"x14z9mp xat24cr x1lziwak x1vvkbs xtlvy1s x126k92a\">\n<div dir=\"auto\"><\/div>\n<div dir=\"auto\">Ese mismo razonamiento fue retomado y, posteriormente, votado a favor en el pleno del Primer Tribunal Colegiado en Materia Penal y del Trabajo.<\/div>\n<\/div>\n<div class=\"x14z9mp xat24cr x1lziwak x1vvkbs xtlvy1s x126k92a\">\n<div dir=\"auto\"><\/div>\n<div dir=\"auto\">Dicho \u00f3rgano resolvi\u00f3 el amparo en revisi\u00f3n 329\/2018, confirmando que la protecci\u00f3n constitucional deb\u00eda concederse de manera definitiva.<\/div>\n<\/div>\n<div class=\"x14z9mp xat24cr x1lziwak x1vvkbs xtlvy1s x126k92a\">\n<div dir=\"auto\"><\/div>\n<div dir=\"auto\">Durante la sesi\u00f3n se record\u00f3 que Eugenio Hern\u00e1ndez Flores ya hab\u00eda sido juzgado en M\u00e9xico por los mismos presuntos delitos y que nadie puede ser juzgado dos veces por los mismos hechos.<\/div>\n<\/div>\n<div class=\"x14z9mp xat24cr x1lziwak x1vvkbs xtlvy1s x126k92a\">\n<div dir=\"auto\"><\/div>\n<div dir=\"auto\">Adem\u00e1s, el fallo protege a Eugenio Hern\u00e1ndez Flores, quien era requerido por autoridades estadounidenses por asociaci\u00f3n delictuosa y lavado de dinero.<\/div>\n<\/div>\n<div class=\"x14z9mp xat24cr x1lziwak x1vvkbs xtlvy1s x126k92a\">\n<div dir=\"auto\"><\/div>\n<div dir=\"auto\">Durante el an\u00e1lisis de fondo, el Tribunal valid\u00f3 los argumentos de la defensa y confirm\u00f3 la procedencia del amparo constitucional.<\/div>\n<\/div>\n<div class=\"x14z9mp xat24cr x1lziwak x1vvkbs xtlvy1s x126k92a\">\n<div dir=\"auto\"><\/div>\n<div dir=\"auto\">As\u00ed, el amparo de Eugenio Hern\u00e1ndez impide cualquier entrega a autoridades extranjeras.<\/div>\n<\/div>\n","protected":false},"excerpt":{"rendered":"<p>Ampara un Tribunal contra extradici\u00f3n a GE\u00d1O Hern\u00e1ndez Por Ren\u00e9 Mart\u00ednez Bravo (23-Diciembre-2025).- Eugenio \u00abGe\u00f1o\u00bb&#8230;<\/p>\n","protected":false},"author":1,"featured_media":193623,"comment_status":"closed","ping_status":"closed","sticky":false,"template":"","format":"standard","meta":{"footnotes":"","jetpack_publicize_message":"","jetpack_publicize_feature_enabled":true,"jetpack_social_post_already_shared":true,"jetpack_social_options":{"image_generator_settings":{"template":"highway","default_image_id":0,"font":"","enabled":false},"version":2}},"categories":[17],"tags":[],"class_list":["post-193622","post","type-post","status-publish","format-standard","has-post-thumbnail","hentry","category-ciudadvictoria"],"jetpack_publicize_connections":[],"_links":{"self":[{"href":"https:\/\/www.buroperiodistico.com.mx\/index.php?rest_route=\/wp\/v2\/posts\/193622","targetHints":{"allow":["GET"]}}],"collection":[{"href":"https:\/\/www.buroperiodistico.com.mx\/index.php?rest_route=\/wp\/v2\/posts"}],"about":[{"href":"https:\/\/www.buroperiodistico.com.mx\/index.php?rest_route=\/wp\/v2\/types\/post"}],"author":[{"embeddable":true,"href":"https:\/\/www.buroperiodistico.com.mx\/index.php?rest_route=\/wp\/v2\/users\/1"}],"replies":[{"embeddable":true,"href":"https:\/\/www.buroperiodistico.com.mx\/index.php?rest_route=%2Fwp%2Fv2%2Fcomments&post=193622"}],"version-history":[{"count":1,"href":"https:\/\/www.buroperiodistico.com.mx\/index.php?rest_route=\/wp\/v2\/posts\/193622\/revisions"}],"predecessor-version":[{"id":193624,"href":"https:\/\/www.buroperiodistico.com.mx\/index.php?rest_route=\/wp\/v2\/posts\/193622\/revisions\/193624"}],"wp:featuredmedia":[{"embeddable":true,"href":"https:\/\/www.buroperiodistico.com.mx\/index.php?rest_route=\/wp\/v2\/media\/193623"}],"wp:attachment":[{"href":"https:\/\/www.buroperiodistico.com.mx\/index.php?rest_route=%2Fwp%2Fv2%2Fmedia&parent=193622"}],"wp:term":[{"taxonomy":"category","embeddable":true,"href":"https:\/\/www.buroperiodistico.com.mx\/index.php?rest_route=%2Fwp%2Fv2%2Fcategories&post=193622"},{"taxonomy":"post_tag","embeddable":true,"href":"https:\/\/www.buroperiodistico.com.mx\/index.php?rest_route=%2Fwp%2Fv2%2Ftags&post=193622"}],"curies":[{"name":"wp","href":"https:\/\/api.w.org\/{rel}","templated":true}]}}