{"id":193600,"date":"2025-12-23T16:06:55","date_gmt":"2025-12-23T22:06:55","guid":{"rendered":"https:\/\/www.buroperiodistico.com.mx\/?p=193600"},"modified":"2025-12-23T16:07:11","modified_gmt":"2025-12-23T22:07:11","slug":"se-consolida-la-gira-navidena-2025-del-santa-claus-periodista-en-colonias-de-reynosa","status":"publish","type":"post","link":"https:\/\/www.buroperiodistico.com.mx\/?p=193600","title":{"rendered":"Se consolida la Gira Navide\u00f1a 2025 del \u00abSanta Claus Periodista\u00bb en colonias de Reynosa"},"content":{"rendered":"<ul>\n<li><strong><em>Sin apoyos oficiales, la iniciativa del periodista Hugo Reyna lleva alegr\u00eda navide\u00f1a a la ni\u00f1ez vulnerable.<\/em><\/strong><\/li>\n<\/ul>\n<p><strong><img loading=\"lazy\" decoding=\"async\" class=\" wp-image-193604 alignright\" src=\"https:\/\/www.buroperiodistico.com.mx\/wp-content\/uploads\/2025\/12\/Posxa.jpeg\" alt=\"\" width=\"524\" height=\"359\" srcset=\"https:\/\/www.buroperiodistico.com.mx\/wp-content\/uploads\/2025\/12\/Posxa.jpeg 1024w, https:\/\/www.buroperiodistico.com.mx\/wp-content\/uploads\/2025\/12\/Posxa-300x206.jpeg 300w, https:\/\/www.buroperiodistico.com.mx\/wp-content\/uploads\/2025\/12\/Posxa-768x527.jpeg 768w\" sizes=\"auto, (max-width: 524px) 100vw, 524px\" \/>Por Julio Manuel Loya Guzm\u00e1n. <\/strong><br \/>\n<strong>Reynosa, Tamaulipas (23-Diciembre-2025).-<\/strong> La Gira Navide\u00f1a de los Ni\u00f1os 2025, encabezada por el periodista Hugo Reyna, avanza como una acci\u00f3n ciudadana que busca cubrir en colonias marginadas, desde la solidaridad comunitaria, la falta de espacios y apoyos para la ni\u00f1ez en situaci\u00f3n vulnerable durante la temporada decembrina.<\/p>\n<p>La Gira Navide\u00f1a se realiza a\u00f1o tras a\u00f1o por el l\u00edder de la comunicaci\u00f3n; hoy, en apenas cuatro d\u00edas, ha alcanzado 11 colonias llevando alimentos, dulces y momentos de convivencia a familias que enfrentan condiciones econ\u00f3micas adversas, consolid\u00e1ndose como una de las iniciativas sociales independientes m\u00e1s constantes en este periodo.<\/p>\n<p>La pasada jornada se desarroll\u00f3 en el Ejido Los Longoria, donde decenas de ni\u00f1as y ni\u00f1os, acompa\u00f1ados por sus madres, participaron en una convivencia marcada por la sencillez, pero tambi\u00e9n por la necesidad de atenci\u00f3n social.<\/p>\n<p>Hugo Reyna agradeci\u00f3 la apertura de la comunidad y el respaldo de ciudadanos que hicieron posible el evento, entre ellos Rub\u00e9n Iv\u00e1n Hern\u00e1ndez y Alberto Saled, con jugos; Maty L\u00f3pez y Mig L\u00f3pez, con dulces; as\u00ed como Laura Longoria y Leticia Guerrero.<\/p>\n<p>La gira continu\u00f3 en la Colonia Ferrocarril, uno de los sectores con mayores carencias urbanas, donde los menores fueron recibidos con pizzas y actividades recreativas. Hugo Reyna reconoci\u00f3 el apoyo de Erick Arriaga, as\u00ed como la disposici\u00f3n de los vecinos para permitir la realizaci\u00f3n del evento, subrayando la importancia de no dejar fuera a la ni\u00f1ez en estas fechas.<\/p>\n<p>Previamente, la Gira Navide\u00f1a de los Ni\u00f1os 2025 realiz\u00f3 un evento conjunto en el Fraccionamiento Lomas del Villar y la Colonia Azteca, reuniendo a familias que, ante la falta de programas recreativos permanentes, encontraron en esta iniciativa un espacio de convivencia y atenci\u00f3n.<\/p>\n<p>En este punto se destac\u00f3 el apoyo de Jos\u00e9 David Mart\u00ednez L\u00f3pez, Rub\u00e9n Iv\u00e1n Hern\u00e1ndez y Javier N\u00fa\u00f1ez Guzm\u00e1n, quienes aportaron pizzas, jugos y bolsitas de dulces. Las pi\u00f1atas, elemento tradicional, reforzaron el sentido de comunidad.<\/p>\n<p>La Gira Navide\u00f1a de los Ni\u00f1os 2025 continuar\u00e1 su recorrido por sectores vulnerables de Reynosa, evidenciando el papel de la sociedad civil organizada frente a la ausencia de pol\u00edticas sociales suficientes para garantizar a la ni\u00f1ez acceso a espacios de recreaci\u00f3n, convivencia y bienestar durante una de las \u00e9pocas m\u00e1s significativas del a\u00f1o.<\/p>\n<p><img loading=\"lazy\" decoding=\"async\" class=\"aligncenter size-full wp-image-193601\" src=\"https:\/\/www.buroperiodistico.com.mx\/wp-content\/uploads\/2025\/12\/Posxa-I.jpeg\" alt=\"\" width=\"640\" height=\"479\" srcset=\"https:\/\/www.buroperiodistico.com.mx\/wp-content\/uploads\/2025\/12\/Posxa-I.jpeg 640w, https:\/\/www.buroperiodistico.com.mx\/wp-content\/uploads\/2025\/12\/Posxa-I-300x225.jpeg 300w\" sizes=\"auto, (max-width: 640px) 100vw, 640px\" \/> <img loading=\"lazy\" decoding=\"async\" class=\"aligncenter size-full wp-image-193603\" src=\"https:\/\/www.buroperiodistico.com.mx\/wp-content\/uploads\/2025\/12\/Posxa-III.jpeg\" alt=\"\" width=\"640\" height=\"479\" srcset=\"https:\/\/www.buroperiodistico.com.mx\/wp-content\/uploads\/2025\/12\/Posxa-III.jpeg 640w, https:\/\/www.buroperiodistico.com.mx\/wp-content\/uploads\/2025\/12\/Posxa-III-300x225.jpeg 300w\" sizes=\"auto, (max-width: 640px) 100vw, 640px\" \/> <img loading=\"lazy\" decoding=\"async\" class=\"aligncenter size-full wp-image-193602\" src=\"https:\/\/www.buroperiodistico.com.mx\/wp-content\/uploads\/2025\/12\/Posxa-II.jpeg\" alt=\"\" width=\"640\" height=\"479\" srcset=\"https:\/\/www.buroperiodistico.com.mx\/wp-content\/uploads\/2025\/12\/Posxa-II.jpeg 640w, https:\/\/www.buroperiodistico.com.mx\/wp-content\/uploads\/2025\/12\/Posxa-II-300x225.jpeg 300w\" sizes=\"auto, (max-width: 640px) 100vw, 640px\" \/><\/p>\n","protected":false},"excerpt":{"rendered":"<p>Sin apoyos oficiales, la iniciativa del periodista Hugo Reyna lleva alegr\u00eda navide\u00f1a a la ni\u00f1ez&#8230;<\/p>\n","protected":false},"author":1,"featured_media":193604,"comment_status":"closed","ping_status":"closed","sticky":false,"template":"","format":"standard","meta":{"footnotes":"","jetpack_publicize_message":"","jetpack_publicize_feature_enabled":true,"jetpack_social_post_already_shared":true,"jetpack_social_options":{"image_generator_settings":{"template":"highway","default_image_id":0,"font":"","enabled":false},"version":2}},"categories":[9],"tags":[],"class_list":["post-193600","post","type-post","status-publish","format-standard","has-post-thumbnail","hentry","category-reynosa"],"jetpack_publicize_connections":[],"_links":{"self":[{"href":"https:\/\/www.buroperiodistico.com.mx\/index.php?rest_route=\/wp\/v2\/posts\/193600","targetHints":{"allow":["GET"]}}],"collection":[{"href":"https:\/\/www.buroperiodistico.com.mx\/index.php?rest_route=\/wp\/v2\/posts"}],"about":[{"href":"https:\/\/www.buroperiodistico.com.mx\/index.php?rest_route=\/wp\/v2\/types\/post"}],"author":[{"embeddable":true,"href":"https:\/\/www.buroperiodistico.com.mx\/index.php?rest_route=\/wp\/v2\/users\/1"}],"replies":[{"embeddable":true,"href":"https:\/\/www.buroperiodistico.com.mx\/index.php?rest_route=%2Fwp%2Fv2%2Fcomments&post=193600"}],"version-history":[{"count":3,"href":"https:\/\/www.buroperiodistico.com.mx\/index.php?rest_route=\/wp\/v2\/posts\/193600\/revisions"}],"predecessor-version":[{"id":193607,"href":"https:\/\/www.buroperiodistico.com.mx\/index.php?rest_route=\/wp\/v2\/posts\/193600\/revisions\/193607"}],"wp:featuredmedia":[{"embeddable":true,"href":"https:\/\/www.buroperiodistico.com.mx\/index.php?rest_route=\/wp\/v2\/media\/193604"}],"wp:attachment":[{"href":"https:\/\/www.buroperiodistico.com.mx\/index.php?rest_route=%2Fwp%2Fv2%2Fmedia&parent=193600"}],"wp:term":[{"taxonomy":"category","embeddable":true,"href":"https:\/\/www.buroperiodistico.com.mx\/index.php?rest_route=%2Fwp%2Fv2%2Fcategories&post=193600"},{"taxonomy":"post_tag","embeddable":true,"href":"https:\/\/www.buroperiodistico.com.mx\/index.php?rest_route=%2Fwp%2Fv2%2Ftags&post=193600"}],"curies":[{"name":"wp","href":"https:\/\/api.w.org\/{rel}","templated":true}]}}