{"id":193594,"date":"2025-12-23T14:28:20","date_gmt":"2025-12-23T20:28:20","guid":{"rendered":"https:\/\/www.buroperiodistico.com.mx\/?p=193594"},"modified":"2025-12-23T14:28:20","modified_gmt":"2025-12-23T20:28:20","slug":"gobierno-municipal-invita-a-usar-centros-de-transferencia-gratuitos","status":"publish","type":"post","link":"https:\/\/www.buroperiodistico.com.mx\/?p=193594","title":{"rendered":"GOBIERNO MUNICIPAL INVITA A USAR CENTROS DE TRANSFERENCIA GRATUITOS"},"content":{"rendered":"<p><em><strong><img loading=\"lazy\" decoding=\"async\" class=\" wp-image-193598 alignright\" src=\"https:\/\/www.buroperiodistico.com.mx\/wp-content\/uploads\/2025\/12\/Basux.jpeg\" alt=\"\" width=\"540\" height=\"333\" srcset=\"https:\/\/www.buroperiodistico.com.mx\/wp-content\/uploads\/2025\/12\/Basux.jpeg 1024w, https:\/\/www.buroperiodistico.com.mx\/wp-content\/uploads\/2025\/12\/Basux-300x185.jpeg 300w, https:\/\/www.buroperiodistico.com.mx\/wp-content\/uploads\/2025\/12\/Basux-768x473.jpeg 768w\" sizes=\"auto, (max-width: 540px) 100vw, 540px\" \/>Nuevo Laredo, Tam (23-Diciembre-2025).-<\/strong><\/em> Como parte de las acciones permanentes para mejorar la imagen urbana, el Gobierno Municipal de Nuevo Laredo recuerda a la poblaci\u00f3n que cuenta con Centros de Transferencia gratuitos para la disposici\u00f3n correcta de basura, facilitando a las familias un servicio accesible y ordenado.<\/p>\n<p>Los centros se localizan en Eva S\u00e1mano #235 (a un lado de pipas), calle L. Valle (a un costado del Parque Polvo Enamorado) y calle Prometeo (junto a la Iglesia Santa Rita). En ellos se reciben residuos de jardiner\u00eda, muebles, colchones, residuos org\u00e1nicos, papel, cart\u00f3n, pl\u00e1stico, madera, cuero y fibras sint\u00e9ticas.<\/p>\n<p>El Gobierno Municipal enfatiz\u00f3 que no se aceptan llantas, residuos peligrosos, m\u00e9dicos, electr\u00f3nicos, de construcci\u00f3n, animales muertos ni lodos, por lo que exhort\u00f3 a la ciudadan\u00eda a respetar las disposiciones y a utilizar estos espacios de forma responsable para conservar una ciudad limpia.<\/p>\n<p><img loading=\"lazy\" decoding=\"async\" class=\"aligncenter size-full wp-image-193595\" src=\"https:\/\/www.buroperiodistico.com.mx\/wp-content\/uploads\/2025\/12\/Basux-I.jpeg\" alt=\"\" width=\"640\" height=\"480\" srcset=\"https:\/\/www.buroperiodistico.com.mx\/wp-content\/uploads\/2025\/12\/Basux-I.jpeg 640w, https:\/\/www.buroperiodistico.com.mx\/wp-content\/uploads\/2025\/12\/Basux-I-300x225.jpeg 300w\" sizes=\"auto, (max-width: 640px) 100vw, 640px\" \/> <img loading=\"lazy\" decoding=\"async\" class=\"aligncenter size-full wp-image-193597\" src=\"https:\/\/www.buroperiodistico.com.mx\/wp-content\/uploads\/2025\/12\/Basux-III.jpeg\" alt=\"\" width=\"640\" height=\"427\" srcset=\"https:\/\/www.buroperiodistico.com.mx\/wp-content\/uploads\/2025\/12\/Basux-III.jpeg 640w, https:\/\/www.buroperiodistico.com.mx\/wp-content\/uploads\/2025\/12\/Basux-III-300x200.jpeg 300w\" sizes=\"auto, (max-width: 640px) 100vw, 640px\" \/> <img loading=\"lazy\" decoding=\"async\" class=\"aligncenter size-full wp-image-193596\" src=\"https:\/\/www.buroperiodistico.com.mx\/wp-content\/uploads\/2025\/12\/Basux-II.jpeg\" alt=\"\" width=\"640\" height=\"427\" srcset=\"https:\/\/www.buroperiodistico.com.mx\/wp-content\/uploads\/2025\/12\/Basux-II.jpeg 640w, https:\/\/www.buroperiodistico.com.mx\/wp-content\/uploads\/2025\/12\/Basux-II-300x200.jpeg 300w\" sizes=\"auto, (max-width: 640px) 100vw, 640px\" \/><\/p>\n","protected":false},"excerpt":{"rendered":"<p>Nuevo Laredo, Tam (23-Diciembre-2025).- Como parte de las acciones permanentes para mejorar la imagen urbana,&#8230;<\/p>\n","protected":false},"author":1,"featured_media":193598,"comment_status":"closed","ping_status":"closed","sticky":false,"template":"","format":"standard","meta":{"footnotes":"","jetpack_publicize_message":"","jetpack_publicize_feature_enabled":true,"jetpack_social_post_already_shared":true,"jetpack_social_options":{"image_generator_settings":{"template":"highway","default_image_id":0,"font":"","enabled":false},"version":2}},"categories":[16],"tags":[],"class_list":["post-193594","post","type-post","status-publish","format-standard","has-post-thumbnail","hentry","category-nuevolaredo"],"jetpack_publicize_connections":[],"_links":{"self":[{"href":"https:\/\/www.buroperiodistico.com.mx\/index.php?rest_route=\/wp\/v2\/posts\/193594","targetHints":{"allow":["GET"]}}],"collection":[{"href":"https:\/\/www.buroperiodistico.com.mx\/index.php?rest_route=\/wp\/v2\/posts"}],"about":[{"href":"https:\/\/www.buroperiodistico.com.mx\/index.php?rest_route=\/wp\/v2\/types\/post"}],"author":[{"embeddable":true,"href":"https:\/\/www.buroperiodistico.com.mx\/index.php?rest_route=\/wp\/v2\/users\/1"}],"replies":[{"embeddable":true,"href":"https:\/\/www.buroperiodistico.com.mx\/index.php?rest_route=%2Fwp%2Fv2%2Fcomments&post=193594"}],"version-history":[{"count":1,"href":"https:\/\/www.buroperiodistico.com.mx\/index.php?rest_route=\/wp\/v2\/posts\/193594\/revisions"}],"predecessor-version":[{"id":193599,"href":"https:\/\/www.buroperiodistico.com.mx\/index.php?rest_route=\/wp\/v2\/posts\/193594\/revisions\/193599"}],"wp:featuredmedia":[{"embeddable":true,"href":"https:\/\/www.buroperiodistico.com.mx\/index.php?rest_route=\/wp\/v2\/media\/193598"}],"wp:attachment":[{"href":"https:\/\/www.buroperiodistico.com.mx\/index.php?rest_route=%2Fwp%2Fv2%2Fmedia&parent=193594"}],"wp:term":[{"taxonomy":"category","embeddable":true,"href":"https:\/\/www.buroperiodistico.com.mx\/index.php?rest_route=%2Fwp%2Fv2%2Fcategories&post=193594"},{"taxonomy":"post_tag","embeddable":true,"href":"https:\/\/www.buroperiodistico.com.mx\/index.php?rest_route=%2Fwp%2Fv2%2Ftags&post=193594"}],"curies":[{"name":"wp","href":"https:\/\/api.w.org\/{rel}","templated":true}]}}