{"id":193580,"date":"2025-12-23T14:09:52","date_gmt":"2025-12-23T20:09:52","guid":{"rendered":"https:\/\/www.buroperiodistico.com.mx\/?p=193580"},"modified":"2025-12-23T14:09:59","modified_gmt":"2025-12-23T20:09:59","slug":"personal-de-la-guardia-estatal-alegra-a-ninez-de-nuevo-laredo-con-posadas","status":"publish","type":"post","link":"https:\/\/www.buroperiodistico.com.mx\/?p=193580","title":{"rendered":"Personal de la Guardia Estatal alegra a ni\u00f1ez de Nuevo Laredo con posadas"},"content":{"rendered":"<ul>\n<li><strong><em>Visitaron sectores vulnerables y hospitales<\/em><\/strong><\/li>\n<\/ul>\n<p><strong><img loading=\"lazy\" decoding=\"async\" class=\" wp-image-193586 alignright\" src=\"https:\/\/www.buroperiodistico.com.mx\/wp-content\/uploads\/2025\/12\/SSPposadas.jpeg\" alt=\"\" width=\"563\" height=\"337\" srcset=\"https:\/\/www.buroperiodistico.com.mx\/wp-content\/uploads\/2025\/12\/SSPposadas.jpeg 1024w, https:\/\/www.buroperiodistico.com.mx\/wp-content\/uploads\/2025\/12\/SSPposadas-300x180.jpeg 300w, https:\/\/www.buroperiodistico.com.mx\/wp-content\/uploads\/2025\/12\/SSPposadas-768x460.jpeg 768w\" sizes=\"auto, (max-width: 563px) 100vw, 563px\" \/>Nuevo Laredo, Tamaulipas (23-Diciembre-2025).-<\/strong> En un trabajo conjunto entre personal de la Guardia Estatal y Guardia Estatal de G\u00e9nero en Nuevo Laredo se llevaron a cabo posadas en diferentes sectores, las cuales alegraron a la ni\u00f1ez que reside en este municipio fronterizo.<\/p>\n<p>Algunos de los fraccionamientos visitados fueron Haciendas de San Agust\u00edn y Ojo Caliente.<\/p>\n<p>Asimismo, visitaron el Hospital General de Nuevo Laredo para regalar alegr\u00eda a quienes se encuentran en esta instituci\u00f3n debido a problemas de salud.<\/p>\n<p>Adem\u00e1s de la entrega de juguetes y dulces, se partieron pi\u00f1atas con la comunidad a fin de dar continuidad a la l\u00ednea humanista trazada por el gobernador Am\u00e9rico Villarreal Anaya en el sentido de reforzar los programas de proximidad social.<\/p>\n<p>De esta manera, el personal de la Secretar\u00eda de Seguridad P\u00fablica de Tamaulipas (SSPT) agradeci\u00f3 a la ciudadan\u00eda la confianza brindada a lo largo de este a\u00f1o e incentiva a mantener el trabajo conjunto en prevenci\u00f3n y denuncia durante el pr\u00f3ximo a\u00f1o.<\/p>\n<p><img loading=\"lazy\" decoding=\"async\" class=\"aligncenter size-full wp-image-193581\" src=\"https:\/\/www.buroperiodistico.com.mx\/wp-content\/uploads\/2025\/12\/SSPposadas-I.jpeg\" alt=\"\" width=\"640\" height=\"480\" srcset=\"https:\/\/www.buroperiodistico.com.mx\/wp-content\/uploads\/2025\/12\/SSPposadas-I.jpeg 640w, https:\/\/www.buroperiodistico.com.mx\/wp-content\/uploads\/2025\/12\/SSPposadas-I-300x225.jpeg 300w\" sizes=\"auto, (max-width: 640px) 100vw, 640px\" \/> <img loading=\"lazy\" decoding=\"async\" class=\"aligncenter size-full wp-image-193585\" src=\"https:\/\/www.buroperiodistico.com.mx\/wp-content\/uploads\/2025\/12\/SSPposadas-IIIIII.jpeg\" alt=\"\" width=\"640\" height=\"480\" srcset=\"https:\/\/www.buroperiodistico.com.mx\/wp-content\/uploads\/2025\/12\/SSPposadas-IIIIII.jpeg 640w, https:\/\/www.buroperiodistico.com.mx\/wp-content\/uploads\/2025\/12\/SSPposadas-IIIIII-300x225.jpeg 300w\" sizes=\"auto, (max-width: 640px) 100vw, 640px\" \/> <img loading=\"lazy\" decoding=\"async\" class=\"aligncenter size-full wp-image-193584\" src=\"https:\/\/www.buroperiodistico.com.mx\/wp-content\/uploads\/2025\/12\/SSPposadas-IIIII.jpeg\" alt=\"\" width=\"638\" height=\"480\" srcset=\"https:\/\/www.buroperiodistico.com.mx\/wp-content\/uploads\/2025\/12\/SSPposadas-IIIII.jpeg 638w, https:\/\/www.buroperiodistico.com.mx\/wp-content\/uploads\/2025\/12\/SSPposadas-IIIII-300x226.jpeg 300w\" sizes=\"auto, (max-width: 638px) 100vw, 638px\" \/> <img loading=\"lazy\" decoding=\"async\" class=\"aligncenter size-full wp-image-193583\" src=\"https:\/\/www.buroperiodistico.com.mx\/wp-content\/uploads\/2025\/12\/SSPposadas-IIII.jpeg\" alt=\"\" width=\"640\" height=\"480\" srcset=\"https:\/\/www.buroperiodistico.com.mx\/wp-content\/uploads\/2025\/12\/SSPposadas-IIII.jpeg 640w, https:\/\/www.buroperiodistico.com.mx\/wp-content\/uploads\/2025\/12\/SSPposadas-IIII-300x225.jpeg 300w\" sizes=\"auto, (max-width: 640px) 100vw, 640px\" \/> <img loading=\"lazy\" decoding=\"async\" class=\"aligncenter size-full wp-image-193582\" src=\"https:\/\/www.buroperiodistico.com.mx\/wp-content\/uploads\/2025\/12\/SSPposadas-II.jpeg\" alt=\"\" width=\"640\" height=\"480\" srcset=\"https:\/\/www.buroperiodistico.com.mx\/wp-content\/uploads\/2025\/12\/SSPposadas-II.jpeg 640w, https:\/\/www.buroperiodistico.com.mx\/wp-content\/uploads\/2025\/12\/SSPposadas-II-300x225.jpeg 300w\" sizes=\"auto, (max-width: 640px) 100vw, 640px\" \/><\/p>\n","protected":false},"excerpt":{"rendered":"<p>Visitaron sectores vulnerables y hospitales Nuevo Laredo, Tamaulipas (23-Diciembre-2025).- En un trabajo conjunto entre personal&#8230;<\/p>\n","protected":false},"author":1,"featured_media":193586,"comment_status":"closed","ping_status":"closed","sticky":false,"template":"","format":"standard","meta":{"footnotes":"","jetpack_publicize_message":"","jetpack_publicize_feature_enabled":true,"jetpack_social_post_already_shared":true,"jetpack_social_options":{"image_generator_settings":{"template":"highway","default_image_id":0,"font":"","enabled":false},"version":2}},"categories":[10],"tags":[],"class_list":["post-193580","post","type-post","status-publish","format-standard","has-post-thumbnail","hentry","category-tamaulipas"],"jetpack_publicize_connections":[],"_links":{"self":[{"href":"https:\/\/www.buroperiodistico.com.mx\/index.php?rest_route=\/wp\/v2\/posts\/193580","targetHints":{"allow":["GET"]}}],"collection":[{"href":"https:\/\/www.buroperiodistico.com.mx\/index.php?rest_route=\/wp\/v2\/posts"}],"about":[{"href":"https:\/\/www.buroperiodistico.com.mx\/index.php?rest_route=\/wp\/v2\/types\/post"}],"author":[{"embeddable":true,"href":"https:\/\/www.buroperiodistico.com.mx\/index.php?rest_route=\/wp\/v2\/users\/1"}],"replies":[{"embeddable":true,"href":"https:\/\/www.buroperiodistico.com.mx\/index.php?rest_route=%2Fwp%2Fv2%2Fcomments&post=193580"}],"version-history":[{"count":1,"href":"https:\/\/www.buroperiodistico.com.mx\/index.php?rest_route=\/wp\/v2\/posts\/193580\/revisions"}],"predecessor-version":[{"id":193587,"href":"https:\/\/www.buroperiodistico.com.mx\/index.php?rest_route=\/wp\/v2\/posts\/193580\/revisions\/193587"}],"wp:featuredmedia":[{"embeddable":true,"href":"https:\/\/www.buroperiodistico.com.mx\/index.php?rest_route=\/wp\/v2\/media\/193586"}],"wp:attachment":[{"href":"https:\/\/www.buroperiodistico.com.mx\/index.php?rest_route=%2Fwp%2Fv2%2Fmedia&parent=193580"}],"wp:term":[{"taxonomy":"category","embeddable":true,"href":"https:\/\/www.buroperiodistico.com.mx\/index.php?rest_route=%2Fwp%2Fv2%2Fcategories&post=193580"},{"taxonomy":"post_tag","embeddable":true,"href":"https:\/\/www.buroperiodistico.com.mx\/index.php?rest_route=%2Fwp%2Fv2%2Ftags&post=193580"}],"curies":[{"name":"wp","href":"https:\/\/api.w.org\/{rel}","templated":true}]}}