{"id":193575,"date":"2025-12-23T14:02:57","date_gmt":"2025-12-23T20:02:57","guid":{"rendered":"https:\/\/www.buroperiodistico.com.mx\/?p=193575"},"modified":"2025-12-23T14:02:57","modified_gmt":"2025-12-23T20:02:57","slug":"emite-sst-recomendaciones-preventivas-para-evitar-accidentes","status":"publish","type":"post","link":"https:\/\/www.buroperiodistico.com.mx\/?p=193575","title":{"rendered":"Emite SST recomendaciones preventivas para evitar accidentes"},"content":{"rendered":"<p><em><strong><img loading=\"lazy\" decoding=\"async\" class=\" wp-image-193578 alignright\" src=\"https:\/\/www.buroperiodistico.com.mx\/wp-content\/uploads\/2025\/12\/PrevenciondeAccidentes-1.jpeg\" alt=\"\" width=\"498\" height=\"334\" srcset=\"https:\/\/www.buroperiodistico.com.mx\/wp-content\/uploads\/2025\/12\/PrevenciondeAccidentes-1.jpeg 1024w, https:\/\/www.buroperiodistico.com.mx\/wp-content\/uploads\/2025\/12\/PrevenciondeAccidentes-1-300x201.jpeg 300w, https:\/\/www.buroperiodistico.com.mx\/wp-content\/uploads\/2025\/12\/PrevenciondeAccidentes-1-768x515.jpeg 768w\" sizes=\"auto, (max-width: 498px) 100vw, 498px\" \/>CD. VICTORIA, TAMAULIPAS (23-Diciembre-2025).-<\/strong><\/em> El secretario de Salud, Vicente Joel Hern\u00e1ndez Navarro, recomend\u00f3 a la poblaci\u00f3n tomar las medidas y cuidados necesarios para evitar accidentes viales en esta temporada vacacional, as\u00ed como precauciones para no registrar lesiones en el hogar.<\/p>\n<p>Dijo que se promueve la campa\u00f1a preventiva \u201cEn estas fiestas decembrinas evitemos accidentes\u201d para no presentar percances como son los viales, por desperfectos en el hogar, incendios, ca\u00eddas, entre otros, por lo que es necesarios concientizar sobre las precauciones y cuidados que debemos tener, tanto en casa como al momento de salir de ella.<\/p>\n<p>Entre las principales recomendaciones se destaca que al conducir revisemos los veh\u00edculos (llantas, frenos, luces, etc.); no manejar fatigado o con sue\u00f1o, utilizar el cintur\u00f3n de seguridad y respetar las se\u00f1ales de tr\u00e1nsito. En el hogar evitemos conectar al mismo tiempo varias series de luces en un mismo enchufe; revisa que los cables se encuentren en buen estado, verifica tus conexiones de luz y apaga los adornos navide\u00f1os antes de irte a dormir o al salir de casa.<\/p>\n<p>Para festejar con responsabilidad, revisa los juguetes que reciben los ni\u00f1os para que no sean t\u00f3xicos y no exponerlos a qu\u00edmicos da\u00f1inos para su salud; aunado a que el tama\u00f1o de los juguetes no sea tan peque\u00f1o para evitar atragantamientos; tambi\u00e9n es importante evitar el uso de la pirotecnia, ya que no conoce de edades y puede causar lesiones.<\/p>\n<p>Otra de las recomendaciones de la campa\u00f1a destaca el no dejar velas encendidas al alcance de ni\u00f1as, ni\u00f1os o mascotas, ni cerca de cortinas, manteles o de objetos inflamables; de igual manera, si tienes un \u00e1rbol natural, evita colocarlo cerca de fuentes de calor o de objetos inflamables.<\/p>\n<p>Por \u00faltimo, el secretario de Salud destac\u00f3 que, la campa\u00f1a preventiva \u201cEn estas fiestas decembrinas\u201d tambi\u00e9n contempla la prevenci\u00f3n y recomendaciones para prevenir enfermedades y una de ellas es el no automedicarse en caso de malestar de alguna enfermedad, ya que se pude complicar, para ello es necesario que acudas a consulta m\u00e9dica para el diagn\u00f3stico y tratamiento adecuado.<\/p>\n<p><img loading=\"lazy\" decoding=\"async\" class=\"aligncenter size-full wp-image-193576\" src=\"https:\/\/www.buroperiodistico.com.mx\/wp-content\/uploads\/2025\/12\/PrevenciondeAccidentes-I-1.jpeg\" alt=\"\" width=\"640\" height=\"480\" srcset=\"https:\/\/www.buroperiodistico.com.mx\/wp-content\/uploads\/2025\/12\/PrevenciondeAccidentes-I-1.jpeg 640w, https:\/\/www.buroperiodistico.com.mx\/wp-content\/uploads\/2025\/12\/PrevenciondeAccidentes-I-1-300x225.jpeg 300w\" sizes=\"auto, (max-width: 640px) 100vw, 640px\" \/> <img loading=\"lazy\" decoding=\"async\" class=\"aligncenter size-full wp-image-193577\" src=\"https:\/\/www.buroperiodistico.com.mx\/wp-content\/uploads\/2025\/12\/PrevenciondeAccidentes-II.jpeg\" alt=\"\" width=\"640\" height=\"480\" srcset=\"https:\/\/www.buroperiodistico.com.mx\/wp-content\/uploads\/2025\/12\/PrevenciondeAccidentes-II.jpeg 640w, https:\/\/www.buroperiodistico.com.mx\/wp-content\/uploads\/2025\/12\/PrevenciondeAccidentes-II-300x225.jpeg 300w\" sizes=\"auto, (max-width: 640px) 100vw, 640px\" \/><\/p>\n","protected":false},"excerpt":{"rendered":"<p>CD. VICTORIA, TAMAULIPAS (23-Diciembre-2025).- El secretario de Salud, Vicente Joel Hern\u00e1ndez Navarro, recomend\u00f3 a la&#8230;<\/p>\n","protected":false},"author":1,"featured_media":193578,"comment_status":"closed","ping_status":"closed","sticky":false,"template":"","format":"standard","meta":{"footnotes":"","jetpack_publicize_message":"","jetpack_publicize_feature_enabled":true,"jetpack_social_post_already_shared":true,"jetpack_social_options":{"image_generator_settings":{"template":"highway","default_image_id":0,"font":"","enabled":false},"version":2}},"categories":[10],"tags":[],"class_list":["post-193575","post","type-post","status-publish","format-standard","has-post-thumbnail","hentry","category-tamaulipas"],"jetpack_publicize_connections":[],"_links":{"self":[{"href":"https:\/\/www.buroperiodistico.com.mx\/index.php?rest_route=\/wp\/v2\/posts\/193575","targetHints":{"allow":["GET"]}}],"collection":[{"href":"https:\/\/www.buroperiodistico.com.mx\/index.php?rest_route=\/wp\/v2\/posts"}],"about":[{"href":"https:\/\/www.buroperiodistico.com.mx\/index.php?rest_route=\/wp\/v2\/types\/post"}],"author":[{"embeddable":true,"href":"https:\/\/www.buroperiodistico.com.mx\/index.php?rest_route=\/wp\/v2\/users\/1"}],"replies":[{"embeddable":true,"href":"https:\/\/www.buroperiodistico.com.mx\/index.php?rest_route=%2Fwp%2Fv2%2Fcomments&post=193575"}],"version-history":[{"count":1,"href":"https:\/\/www.buroperiodistico.com.mx\/index.php?rest_route=\/wp\/v2\/posts\/193575\/revisions"}],"predecessor-version":[{"id":193579,"href":"https:\/\/www.buroperiodistico.com.mx\/index.php?rest_route=\/wp\/v2\/posts\/193575\/revisions\/193579"}],"wp:featuredmedia":[{"embeddable":true,"href":"https:\/\/www.buroperiodistico.com.mx\/index.php?rest_route=\/wp\/v2\/media\/193578"}],"wp:attachment":[{"href":"https:\/\/www.buroperiodistico.com.mx\/index.php?rest_route=%2Fwp%2Fv2%2Fmedia&parent=193575"}],"wp:term":[{"taxonomy":"category","embeddable":true,"href":"https:\/\/www.buroperiodistico.com.mx\/index.php?rest_route=%2Fwp%2Fv2%2Fcategories&post=193575"},{"taxonomy":"post_tag","embeddable":true,"href":"https:\/\/www.buroperiodistico.com.mx\/index.php?rest_route=%2Fwp%2Fv2%2Ftags&post=193575"}],"curies":[{"name":"wp","href":"https:\/\/api.w.org\/{rel}","templated":true}]}}