{"id":193569,"date":"2025-12-23T11:51:02","date_gmt":"2025-12-23T17:51:02","guid":{"rendered":"https:\/\/www.buroperiodistico.com.mx\/?p=193569"},"modified":"2025-12-23T11:51:02","modified_gmt":"2025-12-23T17:51:02","slug":"entrega-voluntariado-dif-reynosa-juguetes-y-sonrisas-en-el-hospital-general","status":"publish","type":"post","link":"https:\/\/www.buroperiodistico.com.mx\/?p=193569","title":{"rendered":"Entrega Voluntariado DIF-Reynosa juguetes y sonrisas en el Hospital General"},"content":{"rendered":"<p><em><strong><img loading=\"lazy\" decoding=\"async\" class=\" wp-image-193570 alignright\" src=\"https:\/\/www.buroperiodistico.com.mx\/wp-content\/uploads\/2025\/12\/Voluntax.jpeg\" alt=\"\" width=\"489\" height=\"301\" srcset=\"https:\/\/www.buroperiodistico.com.mx\/wp-content\/uploads\/2025\/12\/Voluntax.jpeg 1024w, https:\/\/www.buroperiodistico.com.mx\/wp-content\/uploads\/2025\/12\/Voluntax-300x185.jpeg 300w, https:\/\/www.buroperiodistico.com.mx\/wp-content\/uploads\/2025\/12\/Voluntax-768x473.jpeg 768w\" sizes=\"auto, (max-width: 489px) 100vw, 489px\" \/>Reynosa, Tam (23-Diciembre-2025).-<\/strong><\/em> En el marco de la temporada navide\u00f1a, la Presidenta del Voluntariado DIF-Reynosa, Alejandra Yelitza Garza, realiz\u00f3 una visita al Hospital General para llevar juguetes y momentos de alegr\u00eda a ni\u00f1as y ni\u00f1os que se encuentran en el \u00e1rea de pediatr\u00eda, con el objetivo de fortalecer su \u00e1nimo durante su estancia hospitalaria.<\/p>\n<p>Los apoyos entregados forman parte de la campa\u00f1a \u00abRegalemos Sonrisas\u00bb, una iniciativa que fue posible gracias a la solidaridad de ciudadanos, escuelas y personas de buen coraz\u00f3n que se sumaron a esta causa, demostrando que la uni\u00f3n y la empat\u00eda permiten generar acciones que reconfortan y transforman vidas.<\/p>\n<p>De esta forma, el DIF-Reynosa, que preside Carlos Luis Pe\u00f1a Garza, a trav\u00e9s del Voluntariado, comparte sonrisas y mensajes de aliento a las familias, reafirmando el compromiso de acompa\u00f1ar y atender con sensibilidad a quienes atraviesan momentos dif\u00edciles en fechas significativas como la Navidad.<\/p>\n","protected":false},"excerpt":{"rendered":"<p>Reynosa, Tam (23-Diciembre-2025).- En el marco de la temporada navide\u00f1a, la Presidenta del Voluntariado DIF-Reynosa,&#8230;<\/p>\n","protected":false},"author":1,"featured_media":193570,"comment_status":"closed","ping_status":"closed","sticky":false,"template":"","format":"standard","meta":{"footnotes":"","jetpack_publicize_message":"","jetpack_publicize_feature_enabled":true,"jetpack_social_post_already_shared":true,"jetpack_social_options":{"image_generator_settings":{"template":"highway","default_image_id":0,"font":"","enabled":false},"version":2}},"categories":[9],"tags":[],"class_list":["post-193569","post","type-post","status-publish","format-standard","has-post-thumbnail","hentry","category-reynosa"],"jetpack_publicize_connections":[],"_links":{"self":[{"href":"https:\/\/www.buroperiodistico.com.mx\/index.php?rest_route=\/wp\/v2\/posts\/193569","targetHints":{"allow":["GET"]}}],"collection":[{"href":"https:\/\/www.buroperiodistico.com.mx\/index.php?rest_route=\/wp\/v2\/posts"}],"about":[{"href":"https:\/\/www.buroperiodistico.com.mx\/index.php?rest_route=\/wp\/v2\/types\/post"}],"author":[{"embeddable":true,"href":"https:\/\/www.buroperiodistico.com.mx\/index.php?rest_route=\/wp\/v2\/users\/1"}],"replies":[{"embeddable":true,"href":"https:\/\/www.buroperiodistico.com.mx\/index.php?rest_route=%2Fwp%2Fv2%2Fcomments&post=193569"}],"version-history":[{"count":1,"href":"https:\/\/www.buroperiodistico.com.mx\/index.php?rest_route=\/wp\/v2\/posts\/193569\/revisions"}],"predecessor-version":[{"id":193571,"href":"https:\/\/www.buroperiodistico.com.mx\/index.php?rest_route=\/wp\/v2\/posts\/193569\/revisions\/193571"}],"wp:featuredmedia":[{"embeddable":true,"href":"https:\/\/www.buroperiodistico.com.mx\/index.php?rest_route=\/wp\/v2\/media\/193570"}],"wp:attachment":[{"href":"https:\/\/www.buroperiodistico.com.mx\/index.php?rest_route=%2Fwp%2Fv2%2Fmedia&parent=193569"}],"wp:term":[{"taxonomy":"category","embeddable":true,"href":"https:\/\/www.buroperiodistico.com.mx\/index.php?rest_route=%2Fwp%2Fv2%2Fcategories&post=193569"},{"taxonomy":"post_tag","embeddable":true,"href":"https:\/\/www.buroperiodistico.com.mx\/index.php?rest_route=%2Fwp%2Fv2%2Ftags&post=193569"}],"curies":[{"name":"wp","href":"https:\/\/api.w.org\/{rel}","templated":true}]}}