{"id":193566,"date":"2025-12-23T11:46:07","date_gmt":"2025-12-23T17:46:07","guid":{"rendered":"https:\/\/www.buroperiodistico.com.mx\/?p=193566"},"modified":"2025-12-23T11:46:07","modified_gmt":"2025-12-23T17:46:07","slug":"anuncia-comapa-cierre-de-cajas-los-dias-24-y-25-de-diciembre-con-motivo-de-navidad","status":"publish","type":"post","link":"https:\/\/www.buroperiodistico.com.mx\/?p=193566","title":{"rendered":"Anuncia COMAPA cierre de cajas los d\u00edas 24 y 25 de diciembre con motivo de Navidad"},"content":{"rendered":"<p><em><strong>Reynosa, Tam (23-Diciembre-2025).-<\/strong><\/em> La Comisi\u00f3n Municipal de Agua Potable y Alcantarillado de Reynosa informa a los usuarios que, con motivo de las festividades navide\u00f1as, las sucursales del organismo permanecer\u00e1n cerradas los d\u00edas mi\u00e9rcoles 24 y jueves 25 de diciembre.<\/p>\n<p>Las actividades se reanudar\u00e1n el viernes 26 de diciembre en el horario habitual, por lo que se invita a los usuarios a tomar las previsiones necesarias para la realizaci\u00f3n de sus tr\u00e1mites.<\/p>\n<p>La COMAPA de Reynosa agradece la comprensi\u00f3n de la ciudadan\u00eda y reitera su compromiso de seguir trabajando para brindar un mejor servicio a las familias de Reynosa, recordando la importancia de hacer un uso responsable del agua. Asimismo, informa que la atenci\u00f3n a los usuarios continuar\u00e1 a trav\u00e9s de sus redes sociales oficiales.<\/p>\n<p><img loading=\"lazy\" decoding=\"async\" class=\"aligncenter size-full wp-image-193567\" src=\"https:\/\/www.buroperiodistico.com.mx\/wp-content\/uploads\/2025\/12\/Compx-9.jpg\" alt=\"\" width=\"1110\" height=\"600\" srcset=\"https:\/\/www.buroperiodistico.com.mx\/wp-content\/uploads\/2025\/12\/Compx-9.jpg 1110w, https:\/\/www.buroperiodistico.com.mx\/wp-content\/uploads\/2025\/12\/Compx-9-300x162.jpg 300w, https:\/\/www.buroperiodistico.com.mx\/wp-content\/uploads\/2025\/12\/Compx-9-1024x554.jpg 1024w, https:\/\/www.buroperiodistico.com.mx\/wp-content\/uploads\/2025\/12\/Compx-9-768x415.jpg 768w\" sizes=\"auto, (max-width: 1110px) 100vw, 1110px\" \/><\/p>\n","protected":false},"excerpt":{"rendered":"<p>Reynosa, Tam (23-Diciembre-2025).- La Comisi\u00f3n Municipal de Agua Potable y Alcantarillado de Reynosa informa a&#8230;<\/p>\n","protected":false},"author":1,"featured_media":193567,"comment_status":"closed","ping_status":"closed","sticky":false,"template":"","format":"standard","meta":{"footnotes":"","jetpack_publicize_message":"","jetpack_publicize_feature_enabled":true,"jetpack_social_post_already_shared":true,"jetpack_social_options":{"image_generator_settings":{"template":"highway","default_image_id":0,"font":"","enabled":false},"version":2}},"categories":[9],"tags":[],"class_list":["post-193566","post","type-post","status-publish","format-standard","has-post-thumbnail","hentry","category-reynosa"],"jetpack_publicize_connections":[],"_links":{"self":[{"href":"https:\/\/www.buroperiodistico.com.mx\/index.php?rest_route=\/wp\/v2\/posts\/193566","targetHints":{"allow":["GET"]}}],"collection":[{"href":"https:\/\/www.buroperiodistico.com.mx\/index.php?rest_route=\/wp\/v2\/posts"}],"about":[{"href":"https:\/\/www.buroperiodistico.com.mx\/index.php?rest_route=\/wp\/v2\/types\/post"}],"author":[{"embeddable":true,"href":"https:\/\/www.buroperiodistico.com.mx\/index.php?rest_route=\/wp\/v2\/users\/1"}],"replies":[{"embeddable":true,"href":"https:\/\/www.buroperiodistico.com.mx\/index.php?rest_route=%2Fwp%2Fv2%2Fcomments&post=193566"}],"version-history":[{"count":1,"href":"https:\/\/www.buroperiodistico.com.mx\/index.php?rest_route=\/wp\/v2\/posts\/193566\/revisions"}],"predecessor-version":[{"id":193568,"href":"https:\/\/www.buroperiodistico.com.mx\/index.php?rest_route=\/wp\/v2\/posts\/193566\/revisions\/193568"}],"wp:featuredmedia":[{"embeddable":true,"href":"https:\/\/www.buroperiodistico.com.mx\/index.php?rest_route=\/wp\/v2\/media\/193567"}],"wp:attachment":[{"href":"https:\/\/www.buroperiodistico.com.mx\/index.php?rest_route=%2Fwp%2Fv2%2Fmedia&parent=193566"}],"wp:term":[{"taxonomy":"category","embeddable":true,"href":"https:\/\/www.buroperiodistico.com.mx\/index.php?rest_route=%2Fwp%2Fv2%2Fcategories&post=193566"},{"taxonomy":"post_tag","embeddable":true,"href":"https:\/\/www.buroperiodistico.com.mx\/index.php?rest_route=%2Fwp%2Fv2%2Ftags&post=193566"}],"curies":[{"name":"wp","href":"https:\/\/api.w.org\/{rel}","templated":true}]}}